{"id":2831,"date":"2023-06-27T15:22:58","date_gmt":"2023-06-27T12:22:58","guid":{"rendered":"https:\/\/mobilefutures.fi\/?p=2831"},"modified":"2023-09-05T11:25:34","modified_gmt":"2023-09-05T08:25:34","slug":"the-finnish-immigration-reform-proposal-and-sexual-harassment-anger-frustration-and-helplessness","status":"publish","type":"post","link":"https:\/\/mobilefutures.fi\/fi\/blog\/the-finnish-immigration-reform-proposal-and-sexual-harassment-anger-frustration-and-helplessness\/","title":{"rendered":"Suomen maahanmuuttouudistusehdotus ja seksuaalinen h\u00e4irint\u00e4: viha, turhautuminen ja avuttomuus"},"content":{"rendered":"<p class=\"wp-block-paragraph\">27.06.2023 <a href=\"https:\/\/mobilefutures.fi\/fi\/contact\/yulia-dergacheva\/\">Yulia Dergacheva<\/a><\/p>\n\n\n\n<p class=\"wp-block-paragraph\">T\u00e4ss\u00e4 pohdin kahta uutista, joihin t\u00f6rm\u00e4sin samaan aikaan. Molemmat koskevat minua henkil\u00f6kohtaisesti, poliittisesti ja ammatillisesti. Ensimm\u00e4inen on Suomen hallituksen uusi poliittinen suunnitelma, joka koskee <a href=\"https:\/\/www.helsinkitimes.fi\/finland\/finland-news\/politics\/23756-finland-s-new-government-introduces-reforms-in-immigration-and-social-security-policies.html\">maahanmuuttajien uudistusohjelma<\/a>. Toinen, joka ensi silm\u00e4yksell\u00e4 ei n\u00e4yt\u00e4 liittyv\u00e4n ensimm\u00e4iseen, on uutinen Till Lindemannista, tunnetun saksalaisen Rammstein-yhtyeen keulahahmosta. <a href=\"https:\/\/www.bbc.com\/news\/entertainment-arts-65913988\">erityisten ihmisten seksuaalista hyv\u00e4ksik\u00e4ytt\u00f6\u00e4 varten valitsemien naisten ja tytt\u00f6jen hyv\u00e4ksik\u00e4ytt\u00f6\u00e4.<\/a>. K\u00e4ynniss\u00e4 olevan tutkimukseni aiheena on \"Maahanmuuttajanaisiin kohdistuva seksuaalinen h\u00e4irint\u00e4 Suomessa\", ja se sijoittuu maahanmuuttajan aseman, rodun ja sukupuoleen perustuvan syrjinn\u00e4n risteyskohtaan.<\/p>\n\n\n\n<p class=\"wp-block-paragraph\"><em>Maahanmuuttouudistus<\/em><\/p>\n\n\n\n<p class=\"wp-block-paragraph\">Olen maahanmuuttaja, jolla on ep\u00e4varma ty\u00f6paikka ja ep\u00e4varma maahanmuuttostatukseni. Emme ole kertaakaan saaneet lapselleni ja minulle yli vuoden pituista oleskelulupaa. Joka vuosi k\u00e4ymme l\u00e4pi kaikki menettelyt, ja aika ajoin meilt\u00e4 otetaan sormenj\u00e4ljet, ik\u00e4\u00e4n kuin sormenj\u00e4lkemme muuttuisivat salaper\u00e4isesti parin vuoden v\u00e4lein. Vaikka olen ollut Suomessa l\u00e4hes seitsem\u00e4n vuotta, suorittanut ihmisoikeusoikeuden maisterin tutkinnon, ty\u00f6skennellyt viisi vuotta rakennussiivoojana ja olen t\u00e4ll\u00e4 hetkell\u00e4 v\u00e4it\u00f6skirjatutkija, en viel\u00e4k\u00e4\u00e4n ole oikeutettu pysyv\u00e4\u00e4n oleskelulupaan tai kansalaisuuteen. Ja ironista kyll\u00e4, olen todenn\u00e4k\u00f6isesti j\u00e4\u00e4m\u00e4ss\u00e4 <a href=\"https:\/\/www.imiscoe.org\/events\/imiscoe-events\/1612-20th-imiscoe-annual-conference\">kansainv\u00e4lisen muuttoliiketutkimusverkoston (IMISCOE) konferenssi Varsovassa.<\/a>, joka on Euroopan suurin vuosittainen maahanmuuttotutkimuksen tapahtuma, koska huolimatta Turun yliopiston vahvasta tuesta, Maahanmuuttovirasto (Migri) ei juuri ja juuri my\u00f6nt\u00e4nyt minulle oleskelulupaa niin ajoissa, ett\u00e4 sain matkustusasiakirjani ennen konferenssin alkua. Mit\u00e4 mielt\u00e4 olen ehdotetusta lakiuudistuksesta, kun <a href=\"https:\/\/www.helsinkitimes.fi\/finland\/finland-news\/politics\/23756-finland-s-new-government-introduces-reforms-in-immigration-and-social-security-policies.html\">pysyv\u00e4n oleskelun tai kansalaisuuden edellytyksi\u00e4 rajoitetaan huomattavasti.<\/a>? Vihainen, turhautunut ja avuton.<\/p>\n\n\n\n<p class=\"wp-block-paragraph\">Ehdotettu maahanmuuttouudistus vaikuttaa tietysti kaikkein vakavimmin kaikkein ep\u00e4varmimmassa asemassa oleviin ihmisiin. Kaikista haasteista huolimatta olen eritt\u00e4in etuoikeutetussa asemassa valkoisena naisena akateemisessa maailmassa, jolla on maahanmuuttajan asema. Uudistuksen pahimmat osat vaikuttavat niihin, jotka ovat jo nyt ep\u00e4toivoisessa tilanteessa. Esimerkiksi pakolaisten osalta my\u00f6nnett\u00e4v\u00e4n turvapaikan enimm\u00e4iskesto on jatkossa <a href=\"https:\/\/yle.fi\/a\/74-20037253\">on kolme vuotta, ja se arvioidaan uudelleen kolmen vuoden v\u00e4lein.<\/a>. Pakolaisaseman my\u00f6nt\u00e4misen hylk\u00e4\u00e4minen johtaa \"poistamiseen\" maasta, vaikka hakijalla olisi <a href=\"https:\/\/valtioneuvosto.fi\/documents\/10184\/158702198\/Excerpts+of+the+outcome+of+the+negotiations+on+the+Government+Programme+16+June+2023.pdf\/f6c8c388-26c8-2712-4996-789b511a37ec\/Excerpts+of+the+outcome+of+the+negotiations+on+the+Government+Programme+16+June+2023.pdf?t=1686921846994\">muut oleskeluluvan my\u00f6nt\u00e4misperusteet, kuten ty\u00f6skentely<\/a>. Lis\u00e4ksi, vaikka ukrainalaiset alle <a href=\"https:\/\/home-affairs.ec.europa.eu\/policies\/migration-and-asylum\/common-european-asylum-system\/temporary-protection_en\">V\u00e4liaikainen suojamekanismi<\/a>turvapaikanhakijoihin kohdistuvat rajoitukset eiv\u00e4t ensi n\u00e4kem\u00e4lt\u00e4 vaikuta, mutta n\u00e4in ei valitettavasti ole. Esimerkiksi <a href=\"https:\/\/valtioneuvosto.fi\/documents\/10184\/158702198\/Excerpts+of+the+outcome+of+the+negotiations+on+the+Government+Programme+16+June+2023.pdf\/f6c8c388-26c8-2712-4996-789b511a37ec\/Excerpts+of+the+outcome+of+the+negotiations+on+the+Government+Programme+16+June+2023.pdf?t=1686921846994\">vastaanottokorvaus ja vastaanottopalvelut supistetaan minimiin.<\/a> perustuslaissa ja <a href=\"https:\/\/eur-lex.europa.eu\/legal-content\/EN\/TXT\/?uri=celex%3A32013L0033\">Vastaanottodirektiivi<\/a>.  Toinen ihmisryhm\u00e4, joka k\u00e4rsii eniten ehdotetusta uudistuksesta, ovat maahanmuuttajat, joilla ei ole asianmukaisia asiakirjoja (\"laittomat maahanmuuttajat\"). Heid\u00e4n osaltaan uusi hallitus haluaa ottaa k\u00e4ytt\u00f6\u00f6n ainoastaan <a href=\"https:\/\/www.helsinkitimes.fi\/finland\/finland-news\/politics\/23756-finland-s-new-government-introduces-reforms-in-immigration-and-social-security-policies.html\">sosiaali- ja terveyspalvelujen leikkaukset<\/a>, mutta my\u00f6s vankeusrangaistus tai <a href=\"https:\/\/yle.fi\/a\/74-20037253\">karkotus<\/a>.&nbsp;<\/p>\n\n\n\n<p class=\"wp-block-paragraph\">Kun otetaan huomioon maahanmuuttajiin kohdistuvat samanaikaiset sosiaalietuuksien leikkaukset - jotka n\u00e4ytt\u00e4v\u00e4t olevan ristiriidassa Suomen kansainv\u00e4listen velvoitteiden kanssa, jotka perustuvat moniin kansainv\u00e4lisiin ihmisoikeussopimuksiin, alkaen Euroopan ihmisoikeussopimuksesta ja Euroopan sosiaalisesta peruskirjasta (tarkistettu) - ehdotettu uudistus vie kaikkein heikoimmassa asemassa olevien v\u00e4est\u00f6ryhmien tilanteen humanitaarisen katastrofin rajoille.&nbsp;<\/p>\n\n\n\n<p class=\"wp-block-paragraph\"><em>Seksuaalinen h\u00e4irint\u00e4<\/em><\/p>\n\n\n\n<p class=\"wp-block-paragraph\">Minua on ahdisteltu seksuaalisesti - esimerkiksi siivoojan ty\u00f6ss\u00e4ni, jossa et voi pyyt\u00e4\u00e4 apua, koska ty\u00f6nantaja vain lopettaa ty\u00f6vuorojen antamisen \"nollatuntisopimuksella\", ja miten sitten maksat vuokran ja lapsen kitaratunnit? My\u00f6sk\u00e4\u00e4n akateeminen maailma ei ole turvallinen paikka. <a href=\"https:\/\/www.abo.fi\/en\/news\/regarding-the-recent-facebook-post-about-harassment\/\">Muistamme kaikki \u00c5bo Akademin seksuaalisen h\u00e4irinn\u00e4n tapauksen.<\/a> jossa rikoksentekij\u00e4, professori, ei saanut mink\u00e4\u00e4nlaisia seuraamuksia ja jatkaa ty\u00f6t\u00e4\u00e4n. Vaikka h\u00e4nen nime\u00e4\u00e4n ei ole koskaan virallisesti julkistettu, se on silti tiedossa yhteis\u00f6ss\u00e4, koska uhri on julkistanut sen. mutta t\u00e4m\u00e4 tieto tuo mukanaan vain vihaa, turhautumista ja avuttomuuden tunnetta.<\/p>\n\n\n\n<p class=\"wp-block-paragraph\">Till Lindemannin tapaus, sen lis\u00e4ksi, ett\u00e4 se on j\u00e4lleen yksi muistutus ep\u00e4tasa-arvosta, tuntuu katkeralta paitsi siksi, ett\u00e4 pidin b\u00e4ndist\u00e4 nuoruudessani, my\u00f6s siksi, ett\u00e4 teini-ik\u00e4inen lapseni pit\u00e4\u00e4 siit\u00e4 nyt, ja olemme hiljattain ostaneet b\u00e4ndin. <a href=\"https:\/\/www.rammstein.de\/en\/news\/europe-stadium-tour-2023\/\">liput Rammsteinin konserttiin Puolassa<\/a>.<\/p>\n\n\n\n<p class=\"wp-block-paragraph\">Emme tietenk\u00e4\u00e4n mene seksuaalisen saalistajan konserttiin. Valitettavasti on v\u00e4h\u00e4n toivoa, ett\u00e4 konsertit perutaan. Yhdysvalloissa se olisi tehty v\u00e4litt\u00f6m\u00e4sti, mutta t\u00e4\u00e4ll\u00e4 p\u00e4in <a href=\"https:\/\/www.nytimes.com\/2020\/02\/28\/movies\/roman-polanski-cesar-awards-france.html\">Euroopassa seksuaalisen hyv\u00e4ksik\u00e4yt\u00f6n poliittinen tunnustaminen<\/a> on usein viel\u00e4 1950-luvulla.<\/p>\n\n\n\n<p class=\"wp-block-paragraph\">Lopuksi totean, ett\u00e4 en vie lastani t\u00e4h\u00e4n konserttiin, koska minut \"valittiin\" kerran vuonna 2016 er\u00e4\u00e4n melko kuuluisan amerikkalaisen rockyhtyeen j\u00e4lkibileisiin (vaikka en ollutkaan fani). Kun olin viett\u00e4nyt jonkin aikaa jutustellen, juoden ja ottaessani kuvia b\u00e4ndin kanssa, minut \"valittiin\" uudelleen osallistumaan eksklusiivisempiin bileisiin, jotka oli varattu \"tavanomaisen hyv\u00e4nn\u00e4k\u00f6isille\" tyt\u00f6ille. Se tuntui tuolloin niin pahalta, ett\u00e4 l\u00e4hdin pois - tuntien itseni inhottavaksi, vihaiseksi, turhautuneeksi ja avuttomaksi.&nbsp;<\/p>\n\n\n\n<p class=\"wp-block-paragraph\"><em>Tutkimukseni arvo ja uuden maahanmuuttopolitiikan vakavat seuraukset maahanmuuttajanaisiin kohdistuvalle seksuaaliselle h\u00e4irinn\u00e4lle.<\/em><\/p>\n\n\n\n<p class=\"wp-block-paragraph\">Nyt tutkin n\u00e4it\u00e4 kahta aihetta, maahanmuuttoa ja seksuaalista h\u00e4irint\u00e4\u00e4, yhdess\u00e4. Ja t\u00e4llaisten uutisten j\u00e4lkeen alkaa kyseenalaistaa tutkimustaan ja sen yhteiskunnallista arvoa. Mobile Futures -hankkeessa tutkimme monimuotoisuutta, luottamusta ja kaksisuuntaista integraatiota. Muiden tutkimustulosten ohella laadimme poliittisia tiedotteita. Mutta mit\u00e4 poliittista selontekoa voimme ehdottaa suhteessa maahanmuuttouudistukseen, joka perustuu vihaan, rasismiin ja syrjint\u00e4\u00e4n ja joka poistaa tai rajoittaa perusihmisoikeuksia? Millaista luottamusta maahanmuuttajat voivat tuntea yhteiskuntaa kohtaan, joka haluaa, ett\u00e4 heill\u00e4 on v\u00e4hemm\u00e4n oikeuksia? Ja seksuaalisen h\u00e4irinn\u00e4n tutkijana, mik\u00e4 on ty\u00f6ni yhteiskunnallinen arvo, jos professori tai julkkis voi p\u00e4\u00e4st\u00e4 kaikesta vastuusta ja vallan ep\u00e4tasapaino ajaa yh\u00e4 useampaan t\u00e4llaiseen tapaukseen?<\/p>\n\n\n\n<p class=\"wp-block-paragraph\">Maahanmuuttouudistus, joka lis\u00e4\u00e4 maahanmuuttajien ep\u00e4varmuutta, on varmasti yksi syy maahanmuuttajanaisten seksuaalisen hyv\u00e4ksik\u00e4yt\u00f6n lis\u00e4\u00e4ntymiseen. Mit\u00e4 enemm\u00e4n maahanmuuttaja-asemasi riippuu ty\u00f6st\u00e4si, sit\u00e4 v\u00e4hemm\u00e4n sinulla on suojaa ja liikkumavaraa. Esimerkiksi <a href=\"https:\/\/yle.fi\/a\/74-20037253\">\"ty\u00f6perusteinen oleskelulupa raukeaa, jos henkil\u00f6 ei l\u00f6yd\u00e4 uutta ty\u00f6paikkaa yli kolmen kuukauden ty\u00f6tt\u00f6myyden j\u00e4lkeen\",<\/a> kun taas ty\u00f6nantajilla on velvollisuus ilmoittaa sopimuksen irtisanomisesta maahanmuuttoviranomaisille . Samaan aikaan, <a href=\"https:\/\/www.finnwards.com\/working-in-finland\/open-jobs-and-job-seekers-in-finland-in-2021\/\">Vuonna 2021 ty\u00f6nhakijoiden keskim\u00e4\u00e4r\u00e4inen ty\u00f6nhakuaika oli 23 viikkoa eli yli 5 kuukautta, ja 28% ty\u00f6nhakijoista oli ty\u00f6tt\u00f6m\u00e4n\u00e4 yli vuoden.<\/a>.  Samaan aikaan maahanmuuttajanaisilla on Suomessa kaikista v\u00e4est\u00f6ryhmist\u00e4 alhaisin ty\u00f6llisyysaste: <a href=\"https:\/\/yle.fi\/a\/3-12681231\">vuonna 2020 se oli vain 41%.<\/a> verrattuna suomalaisten naisten 72%:hen. N\u00e4iss\u00e4 olosuhteissa naisen mahdollisuudet ilmoittaa seksuaalisesta h\u00e4irinn\u00e4st\u00e4 ja yritt\u00e4\u00e4 suojautua ty\u00f6paikkakiusaamiselta ovat yleens\u00e4 nolla, koska ty\u00f6sopimuksen irtisanominen ei merkitsisi maahanmuuttajanaisille ainoastaan tulojen menett\u00e4mist\u00e4, vaan koko el\u00e4m\u00e4n menett\u00e4mist\u00e4 maassamme, mik\u00e4 puolestaan on joillekin maahanmuuttajanaisille el\u00e4m\u00e4n ja kuoleman kysymys.<\/p>\n\n\n\n<p class=\"wp-block-paragraph\">Kaiken kaikkiaan monien EU-maiden hallituksilla on taipumus nojata yh\u00e4 enemm\u00e4n \u00e4\u00e4rioikeistoon. Hiljattain <a href=\"https:\/\/www.infomigrants.net\/en\/post\/48320\/italy-divisions-and-protests-grow-over-proposed-immigration-law\">Italia<\/a>, <a href=\"https:\/\/www.euronews.com\/2022\/10\/15\/from-immigration-to-the-environment-five-things-we-learned-about-swedens-new-right-wing-go\">Ruotsi<\/a>, ja nyt Suomi liittyi <a href=\"https:\/\/www.migrationpolicy.org\/article\/orb%C3%A1n-reshapes-migration-policy-hungary\">Unkari<\/a> ja entisen EU:n<a href=\"https:\/\/www.vox.com\/2023\/3\/11\/23634575\/uk-immigration-bill-braverman-sunak-boats-channel\"> UK<\/a>&nbsp; maahanmuuttopolitiikan tiukentamisessa. T\u00e4m\u00e4n lis\u00e4ksi oman maani fasistinen hallitus johtaa kansanmurhasotaa, joka pakottaa miljoonat ihmiset pakenemaan.<\/p>\n\n\n\n<p class=\"wp-block-paragraph\">Mist\u00e4 me tutkijoina ja ihmisin\u00e4 voimme l\u00f6yt\u00e4\u00e4 voimavaroja ty\u00f6mme ja el\u00e4m\u00e4mme jatkamiseen? Miten voimme voittaa vihan, turhautumisen ja avuttomuuden tunteen? Minulla ei ole vastauksia t\u00e4n\u00e4\u00e4n, mutta toivottavasti saan ne selville.<\/p>\n\n\n\n<p class=\"wp-block-paragraph\"><em>Haluan kiitt\u00e4\u00e4 kollegaani Dionysia Kangia mielekk\u00e4ist\u00e4 keskusteluistamme maahanmuuttouudistuksesta ja keskin\u00e4isest\u00e4 tuesta.<\/em><\/p>\n\n\n\n<p class=\"wp-block-paragraph\"><em>T\u00e4m\u00e4 blogikirjoitus heijastaa yksinomaan kirjoittajan n\u00e4kemyksi\u00e4.<\/em><\/p>\n\n\n\n<p class=\"wp-block-paragraph\"><em>Kuvituksen on luonut Midjourney kirjailijan kehotuksen mukaisesti.<\/em>.<\/p>\n\n\n\n<hr class=\"wp-block-separator has-alpha-channel-opacity\"\/>\n\n\n\n<p class=\"wp-block-paragraph\">Mobile Futures -blogissa tarkastellaan eri teemoja ja tutkimukseen liittyvi\u00e4 menetelmi\u00e4. Sen kirjoittajina ovat tutkijamme, ja sit\u00e4 julkaistaan eri kielill\u00e4. Jos haluat tehd\u00e4 yhteisty\u00f6t\u00e4 kanssamme, ota rohkeasti yhteytt\u00e4 osoitteeseen hello@mobilefutures.fi.<\/p>\n\n\n\n<p class=\"wp-block-paragraph\">Mobile Futures -blogissa tarkastellaan eri teemoja ja tutkimukseen liittyvi\u00e4 menetelmi\u00e4. Blogia kirjoittavat ovat tutkijamme, ja se julkaistaan eri kielill\u00e4. Jos haluat tehd\u00e4 yhteisty\u00f6t\u00e4 kanssamme, ota rohkeasti yhteytt\u00e4 osoitteeseen hello@mobilefutures.fi.<\/p>\n\n\n\n<p class=\"wp-block-paragraph\">Mobile Futures bloggen utforskar olika teman och metoder som \u00e4r kopplade till v\u00e5r forskning. Den skrivs av v\u00e5ra forskare och publiceras p\u00e5 olika spr\u00e5k. Om du vill samarbeta med oss, tveka inte att ta kontakt p\u00e5 hello@mobilefutures.fi.<\/p>\n\n\n\n<p class=\"wp-block-paragraph\"><\/p>","protected":false},"excerpt":{"rendered":"<p>Here I reflect on two pieces of news that I came across at the same time. Both concern me personally, politically, and professionally. First is a new Finnish government policy plan on the immigrant reform programme. Second, which at first glance seems not to be connected with the first, is the news of Till Lindemann, the frontman of a prominent German band Rammstein abusing women and girls selected by special people for sexual exploitation. The topic of my ongoing research is \u2018Sexual harassment of migrant women in Finland\u2019, and is situated at the intersection of migrant status, race, and gender discrimination.<\/p>","protected":false},"author":215458246,"featured_media":2837,"comment_status":"closed","ping_status":"closed","sticky":false,"template":"","format":"standard","meta":{"_crdt_document":"","inline_featured_image":false,"_jetpack_newsletter_access":"","_jetpack_dont_email_post_to_subs":false,"_jetpack_newsletter_tier_id":0,"_jetpack_memberships_contains_paywalled_content":false,"_jetpack_memberships_contains_paid_content":false,"footnotes":"","jetpack_publicize_message":"","jetpack_publicize_feature_enabled":true,"jetpack_social_post_already_shared":true,"jetpack_social_options":{"image_generator_settings":{"template":"highway","default_image_id":0,"font":"","enabled":false},"version":2},"_wpas_customize_per_network":false,"jetpack_post_was_ever_published":false},"categories":[1394],"tags":[1395],"class_list":["post-2831","post","type-post","status-publish","format-standard","has-post-thumbnail","hentry","category-blog","tag-mobile-futures"],"yoast_head":"<!-- This site is optimized with the Yoast SEO plugin v27.5 - https:\/\/yoast.com\/product\/yoast-seo-wordpress\/ -->\n<title>The Finnish immigration reform proposal and sexual harassment: anger, frustration, and helplessness &#8211; Blog Mobile Futures<\/title>\n<meta name=\"description\" content=\"Here I reflect on two pieces of news that I came across at the same time. Both concern me personally, politically, and professionally. First is a new Finnish government policy plan on the immigrant reform programme. Second, which at first glance seems not to be connected with the first, is the news of Till Lindemann, the frontman of a prominent German band Rammstein abusing women and girls selected by special people for sexual exploitation. The topic of my ongoing research is \u2018Sexual harassment of migrant women in Finland\u2019, and is situated at the intersection of migrant status, race, and gender discrimination.\" \/>\n<meta name=\"robots\" content=\"index, follow, max-snippet:-1, max-image-preview:large, max-video-preview:-1\" \/>\n<link rel=\"canonical\" href=\"https:\/\/mobilefutures.fi\/fi\/blog\/the-finnish-immigration-reform-proposal-and-sexual-harassment-anger-frustration-and-helplessness\/\" \/>\n<meta property=\"og:locale\" content=\"fi_FI\" \/>\n<meta property=\"og:type\" content=\"article\" \/>\n<meta property=\"og:title\" content=\"The Finnish immigration reform proposal and sexual harassment: anger, frustration, and helplessness &#8211; Blog Mobile Futures\" \/>\n<meta property=\"og:description\" content=\"Here I reflect on two pieces of news that I came across at the same time. Both concern me personally, politically, and professionally. First is a new Finnish government policy plan on the immigrant reform programme. Second, which at first glance seems not to be connected with the first, is the news of Till Lindemann, the frontman of a prominent German band Rammstein abusing women and girls selected by special people for sexual exploitation. The topic of my ongoing research is \u2018Sexual harassment of migrant women in Finland\u2019, and is situated at the intersection of migrant status, race, and gender discrimination.\" \/>\n<meta property=\"og:url\" content=\"https:\/\/mobilefutures.fi\/fi\/blog\/the-finnish-immigration-reform-proposal-and-sexual-harassment-anger-frustration-and-helplessness\/\" \/>\n<meta property=\"og:site_name\" content=\"Mobile Futures\" \/>\n<meta property=\"article:publisher\" content=\"https:\/\/www.facebook.com\/MobileFuturesFI\" \/>\n<meta property=\"article:published_time\" content=\"2023-06-27T12:22:58+00:00\" \/>\n<meta property=\"article:modified_time\" content=\"2023-09-05T08:25:34+00:00\" \/>\n<meta property=\"og:image\" content=\"https:\/\/i0.wp.com\/mobilefutures.fi\/wp-content\/uploads\/2023\/06\/blog-27.06-1.jpg?fit=1032%2C688&ssl=1\" \/>\n\t<meta property=\"og:image:width\" content=\"1032\" \/>\n\t<meta property=\"og:image:height\" content=\"688\" \/>\n\t<meta property=\"og:image:type\" content=\"image\/jpeg\" \/>\n<meta name=\"author\" content=\"mbilefutures\" \/>\n<meta name=\"twitter:card\" content=\"summary_large_image\" \/>\n<meta name=\"twitter:creator\" content=\"@MobileFuturesFI\" \/>\n<meta name=\"twitter:site\" content=\"@MobileFuturesFI\" \/>\n<meta name=\"twitter:label1\" content=\"Kirjoittanut\" \/>\n\t<meta name=\"twitter:data1\" content=\"mbilefutures\" \/>\n\t<meta name=\"twitter:label2\" content=\"Arvioitu lukuaika\" \/>\n\t<meta name=\"twitter:data2\" content=\"7 minuuttia\" \/>\n<script type=\"application\/ld+json\" class=\"yoast-schema-graph\">{\"@context\":\"https:\\\/\\\/schema.org\",\"@graph\":[{\"@type\":\"Article\",\"@id\":\"https:\\\/\\\/mobilefutures.fi\\\/blog\\\/the-finnish-immigration-reform-proposal-and-sexual-harassment-anger-frustration-and-helplessness\\\/#article\",\"isPartOf\":{\"@id\":\"https:\\\/\\\/mobilefutures.fi\\\/blog\\\/the-finnish-immigration-reform-proposal-and-sexual-harassment-anger-frustration-and-helplessness\\\/\"},\"author\":{\"name\":\"mbilefutures\",\"@id\":\"https:\\\/\\\/mobilefutures.fi\\\/#\\\/schema\\\/person\\\/24ce1a93b81664772102c36fe51ff958\"},\"headline\":\"The Finnish immigration reform proposal and sexual harassment: anger, frustration, and&nbsp;helplessness\",\"datePublished\":\"2023-06-27T12:22:58+00:00\",\"dateModified\":\"2023-09-05T08:25:34+00:00\",\"mainEntityOfPage\":{\"@id\":\"https:\\\/\\\/mobilefutures.fi\\\/blog\\\/the-finnish-immigration-reform-proposal-and-sexual-harassment-anger-frustration-and-helplessness\\\/\"},\"wordCount\":1436,\"publisher\":{\"@id\":\"https:\\\/\\\/mobilefutures.fi\\\/#organization\"},\"image\":{\"@id\":\"https:\\\/\\\/mobilefutures.fi\\\/blog\\\/the-finnish-immigration-reform-proposal-and-sexual-harassment-anger-frustration-and-helplessness\\\/#primaryimage\"},\"thumbnailUrl\":\"https:\\\/\\\/i0.wp.com\\\/mobilefutures.fi\\\/wp-content\\\/uploads\\\/2023\\\/06\\\/blog-27.06-1.jpg?fit=1032%2C688&ssl=1\",\"keywords\":[\"Mobile Futures\"],\"articleSection\":[\"Blog\"],\"inLanguage\":\"fi\"},{\"@type\":\"WebPage\",\"@id\":\"https:\\\/\\\/mobilefutures.fi\\\/blog\\\/the-finnish-immigration-reform-proposal-and-sexual-harassment-anger-frustration-and-helplessness\\\/\",\"url\":\"https:\\\/\\\/mobilefutures.fi\\\/blog\\\/the-finnish-immigration-reform-proposal-and-sexual-harassment-anger-frustration-and-helplessness\\\/\",\"name\":\"The Finnish immigration reform proposal and sexual harassment: anger, frustration, and helplessness &#8211; Blog Mobile Futures\",\"isPartOf\":{\"@id\":\"https:\\\/\\\/mobilefutures.fi\\\/#website\"},\"primaryImageOfPage\":{\"@id\":\"https:\\\/\\\/mobilefutures.fi\\\/blog\\\/the-finnish-immigration-reform-proposal-and-sexual-harassment-anger-frustration-and-helplessness\\\/#primaryimage\"},\"image\":{\"@id\":\"https:\\\/\\\/mobilefutures.fi\\\/blog\\\/the-finnish-immigration-reform-proposal-and-sexual-harassment-anger-frustration-and-helplessness\\\/#primaryimage\"},\"thumbnailUrl\":\"https:\\\/\\\/i0.wp.com\\\/mobilefutures.fi\\\/wp-content\\\/uploads\\\/2023\\\/06\\\/blog-27.06-1.jpg?fit=1032%2C688&ssl=1\",\"datePublished\":\"2023-06-27T12:22:58+00:00\",\"dateModified\":\"2023-09-05T08:25:34+00:00\",\"description\":\"Here I reflect on two pieces of news that I came across at the same time. Both concern me personally, politically, and professionally. First is a new Finnish government policy plan on the immigrant reform programme. Second, which at first glance seems not to be connected with the first, is the news of Till Lindemann, the frontman of a prominent German band Rammstein abusing women and girls selected by special people for sexual exploitation. The topic of my ongoing research is \u2018Sexual harassment of migrant women in Finland\u2019, and is situated at the intersection of migrant status, race, and gender discrimination.\",\"breadcrumb\":{\"@id\":\"https:\\\/\\\/mobilefutures.fi\\\/blog\\\/the-finnish-immigration-reform-proposal-and-sexual-harassment-anger-frustration-and-helplessness\\\/#breadcrumb\"},\"inLanguage\":\"fi\",\"potentialAction\":[{\"@type\":\"ReadAction\",\"target\":[\"https:\\\/\\\/mobilefutures.fi\\\/blog\\\/the-finnish-immigration-reform-proposal-and-sexual-harassment-anger-frustration-and-helplessness\\\/\"]}]},{\"@type\":\"ImageObject\",\"inLanguage\":\"fi\",\"@id\":\"https:\\\/\\\/mobilefutures.fi\\\/blog\\\/the-finnish-immigration-reform-proposal-and-sexual-harassment-anger-frustration-and-helplessness\\\/#primaryimage\",\"url\":\"https:\\\/\\\/i0.wp.com\\\/mobilefutures.fi\\\/wp-content\\\/uploads\\\/2023\\\/06\\\/blog-27.06-1.jpg?fit=1032%2C688&ssl=1\",\"contentUrl\":\"https:\\\/\\\/i0.wp.com\\\/mobilefutures.fi\\\/wp-content\\\/uploads\\\/2023\\\/06\\\/blog-27.06-1.jpg?fit=1032%2C688&ssl=1\",\"width\":1032,\"height\":688},{\"@type\":\"BreadcrumbList\",\"@id\":\"https:\\\/\\\/mobilefutures.fi\\\/blog\\\/the-finnish-immigration-reform-proposal-and-sexual-harassment-anger-frustration-and-helplessness\\\/#breadcrumb\",\"itemListElement\":[{\"@type\":\"ListItem\",\"position\":1,\"name\":\"Home\",\"item\":\"https:\\\/\\\/mobilefutures.fi\\\/\"},{\"@type\":\"ListItem\",\"position\":2,\"name\":\"The Finnish immigration reform proposal and sexual harassment: anger, frustration, and&nbsp;helplessness\"}]},{\"@type\":\"WebSite\",\"@id\":\"https:\\\/\\\/mobilefutures.fi\\\/#website\",\"url\":\"https:\\\/\\\/mobilefutures.fi\\\/\",\"name\":\"Mobile Futures\",\"description\":\"Diversity, Trust and Two-Way Integration\",\"publisher\":{\"@id\":\"https:\\\/\\\/mobilefutures.fi\\\/#organization\"},\"potentialAction\":[{\"@type\":\"SearchAction\",\"target\":{\"@type\":\"EntryPoint\",\"urlTemplate\":\"https:\\\/\\\/mobilefutures.fi\\\/?s={search_term_string}\"},\"query-input\":{\"@type\":\"PropertyValueSpecification\",\"valueRequired\":true,\"valueName\":\"search_term_string\"}}],\"inLanguage\":\"fi\"},{\"@type\":\"Organization\",\"@id\":\"https:\\\/\\\/mobilefutures.fi\\\/#organization\",\"name\":\"Mobile Futures\",\"url\":\"https:\\\/\\\/mobilefutures.fi\\\/\",\"logo\":{\"@type\":\"ImageObject\",\"inLanguage\":\"fi\",\"@id\":\"https:\\\/\\\/mobilefutures.fi\\\/#\\\/schema\\\/logo\\\/image\\\/\",\"url\":\"https:\\\/\\\/i0.wp.com\\\/mobilefutures.fi\\\/wp-content\\\/uploads\\\/2022\\\/02\\\/Logo-black-1.png?fit=4383%2C2000&ssl=1\",\"contentUrl\":\"https:\\\/\\\/i0.wp.com\\\/mobilefutures.fi\\\/wp-content\\\/uploads\\\/2022\\\/02\\\/Logo-black-1.png?fit=4383%2C2000&ssl=1\",\"width\":4383,\"height\":2000,\"caption\":\"Mobile Futures\"},\"image\":{\"@id\":\"https:\\\/\\\/mobilefutures.fi\\\/#\\\/schema\\\/logo\\\/image\\\/\"},\"sameAs\":[\"https:\\\/\\\/www.facebook.com\\\/MobileFuturesFI\",\"https:\\\/\\\/x.com\\\/MobileFuturesFI\"]},{\"@type\":\"Person\",\"@id\":\"https:\\\/\\\/mobilefutures.fi\\\/#\\\/schema\\\/person\\\/24ce1a93b81664772102c36fe51ff958\",\"name\":\"mbilefutures\",\"image\":{\"@type\":\"ImageObject\",\"inLanguage\":\"fi\",\"@id\":\"https:\\\/\\\/secure.gravatar.com\\\/avatar\\\/776a939f94d2888df04ac6b79f0785650f4a4e1bf61fe226509adec0424ed7cd?s=96&d=identicon&r=g\",\"url\":\"https:\\\/\\\/secure.gravatar.com\\\/avatar\\\/776a939f94d2888df04ac6b79f0785650f4a4e1bf61fe226509adec0424ed7cd?s=96&d=identicon&r=g\",\"contentUrl\":\"https:\\\/\\\/secure.gravatar.com\\\/avatar\\\/776a939f94d2888df04ac6b79f0785650f4a4e1bf61fe226509adec0424ed7cd?s=96&d=identicon&r=g\",\"caption\":\"mbilefutures\"},\"sameAs\":[\"http:\\\/\\\/mobilefutures720100823.wordpress.com\"],\"url\":\"https:\\\/\\\/mobilefutures.fi\\\/fi\\\/author\\\/mbilefutures\\\/\"}]}<\/script>\n<!-- \/ Yoast SEO plugin. -->","yoast_head_json":{"title":"The Finnish immigration reform proposal and sexual harassment: anger, frustration, and helplessness &#8211; Blog Mobile Futures","description":"Here I reflect on two pieces of news that I came across at the same time. Both concern me personally, politically, and professionally. First is a new Finnish government policy plan on the immigrant reform programme. Second, which at first glance seems not to be connected with the first, is the news of Till Lindemann, the frontman of a prominent German band Rammstein abusing women and girls selected by special people for sexual exploitation. The topic of my ongoing research is \u2018Sexual harassment of migrant women in Finland\u2019, and is situated at the intersection of migrant status, race, and gender discrimination.","robots":{"index":"index","follow":"follow","max-snippet":"max-snippet:-1","max-image-preview":"max-image-preview:large","max-video-preview":"max-video-preview:-1"},"canonical":"https:\/\/mobilefutures.fi\/fi\/blog\/the-finnish-immigration-reform-proposal-and-sexual-harassment-anger-frustration-and-helplessness\/","og_locale":"fi_FI","og_type":"article","og_title":"The Finnish immigration reform proposal and sexual harassment: anger, frustration, and helplessness &#8211; Blog Mobile Futures","og_description":"Here I reflect on two pieces of news that I came across at the same time. Both concern me personally, politically, and professionally. First is a new Finnish government policy plan on the immigrant reform programme. Second, which at first glance seems not to be connected with the first, is the news of Till Lindemann, the frontman of a prominent German band Rammstein abusing women and girls selected by special people for sexual exploitation. The topic of my ongoing research is \u2018Sexual harassment of migrant women in Finland\u2019, and is situated at the intersection of migrant status, race, and gender discrimination.","og_url":"https:\/\/mobilefutures.fi\/fi\/blog\/the-finnish-immigration-reform-proposal-and-sexual-harassment-anger-frustration-and-helplessness\/","og_site_name":"Mobile Futures","article_publisher":"https:\/\/www.facebook.com\/MobileFuturesFI","article_published_time":"2023-06-27T12:22:58+00:00","article_modified_time":"2023-09-05T08:25:34+00:00","og_image":[{"width":1032,"height":688,"url":"https:\/\/i0.wp.com\/mobilefutures.fi\/wp-content\/uploads\/2023\/06\/blog-27.06-1.jpg?fit=1032%2C688&ssl=1","type":"image\/jpeg"}],"author":"mbilefutures","twitter_card":"summary_large_image","twitter_creator":"@MobileFuturesFI","twitter_site":"@MobileFuturesFI","twitter_misc":{"Kirjoittanut":"mbilefutures","Arvioitu lukuaika":"7 minuuttia"},"schema":{"@context":"https:\/\/schema.org","@graph":[{"@type":"Article","@id":"https:\/\/mobilefutures.fi\/blog\/the-finnish-immigration-reform-proposal-and-sexual-harassment-anger-frustration-and-helplessness\/#article","isPartOf":{"@id":"https:\/\/mobilefutures.fi\/blog\/the-finnish-immigration-reform-proposal-and-sexual-harassment-anger-frustration-and-helplessness\/"},"author":{"name":"mbilefutures","@id":"https:\/\/mobilefutures.fi\/#\/schema\/person\/24ce1a93b81664772102c36fe51ff958"},"headline":"The Finnish immigration reform proposal and sexual harassment: anger, frustration, and&nbsp;helplessness","datePublished":"2023-06-27T12:22:58+00:00","dateModified":"2023-09-05T08:25:34+00:00","mainEntityOfPage":{"@id":"https:\/\/mobilefutures.fi\/blog\/the-finnish-immigration-reform-proposal-and-sexual-harassment-anger-frustration-and-helplessness\/"},"wordCount":1436,"publisher":{"@id":"https:\/\/mobilefutures.fi\/#organization"},"image":{"@id":"https:\/\/mobilefutures.fi\/blog\/the-finnish-immigration-reform-proposal-and-sexual-harassment-anger-frustration-and-helplessness\/#primaryimage"},"thumbnailUrl":"https:\/\/i0.wp.com\/mobilefutures.fi\/wp-content\/uploads\/2023\/06\/blog-27.06-1.jpg?fit=1032%2C688&ssl=1","keywords":["Mobile Futures"],"articleSection":["Blog"],"inLanguage":"fi"},{"@type":"WebPage","@id":"https:\/\/mobilefutures.fi\/blog\/the-finnish-immigration-reform-proposal-and-sexual-harassment-anger-frustration-and-helplessness\/","url":"https:\/\/mobilefutures.fi\/blog\/the-finnish-immigration-reform-proposal-and-sexual-harassment-anger-frustration-and-helplessness\/","name":"The Finnish immigration reform proposal and sexual harassment: anger, frustration, and helplessness &#8211; Blog Mobile Futures","isPartOf":{"@id":"https:\/\/mobilefutures.fi\/#website"},"primaryImageOfPage":{"@id":"https:\/\/mobilefutures.fi\/blog\/the-finnish-immigration-reform-proposal-and-sexual-harassment-anger-frustration-and-helplessness\/#primaryimage"},"image":{"@id":"https:\/\/mobilefutures.fi\/blog\/the-finnish-immigration-reform-proposal-and-sexual-harassment-anger-frustration-and-helplessness\/#primaryimage"},"thumbnailUrl":"https:\/\/i0.wp.com\/mobilefutures.fi\/wp-content\/uploads\/2023\/06\/blog-27.06-1.jpg?fit=1032%2C688&ssl=1","datePublished":"2023-06-27T12:22:58+00:00","dateModified":"2023-09-05T08:25:34+00:00","description":"Here I reflect on two pieces of news that I came across at the same time. Both concern me personally, politically, and professionally. First is a new Finnish government policy plan on the immigrant reform programme. Second, which at first glance seems not to be connected with the first, is the news of Till Lindemann, the frontman of a prominent German band Rammstein abusing women and girls selected by special people for sexual exploitation. The topic of my ongoing research is \u2018Sexual harassment of migrant women in Finland\u2019, and is situated at the intersection of migrant status, race, and gender discrimination.","breadcrumb":{"@id":"https:\/\/mobilefutures.fi\/blog\/the-finnish-immigration-reform-proposal-and-sexual-harassment-anger-frustration-and-helplessness\/#breadcrumb"},"inLanguage":"fi","potentialAction":[{"@type":"ReadAction","target":["https:\/\/mobilefutures.fi\/blog\/the-finnish-immigration-reform-proposal-and-sexual-harassment-anger-frustration-and-helplessness\/"]}]},{"@type":"ImageObject","inLanguage":"fi","@id":"https:\/\/mobilefutures.fi\/blog\/the-finnish-immigration-reform-proposal-and-sexual-harassment-anger-frustration-and-helplessness\/#primaryimage","url":"https:\/\/i0.wp.com\/mobilefutures.fi\/wp-content\/uploads\/2023\/06\/blog-27.06-1.jpg?fit=1032%2C688&ssl=1","contentUrl":"https:\/\/i0.wp.com\/mobilefutures.fi\/wp-content\/uploads\/2023\/06\/blog-27.06-1.jpg?fit=1032%2C688&ssl=1","width":1032,"height":688},{"@type":"BreadcrumbList","@id":"https:\/\/mobilefutures.fi\/blog\/the-finnish-immigration-reform-proposal-and-sexual-harassment-anger-frustration-and-helplessness\/#breadcrumb","itemListElement":[{"@type":"ListItem","position":1,"name":"Home","item":"https:\/\/mobilefutures.fi\/"},{"@type":"ListItem","position":2,"name":"The Finnish immigration reform proposal and sexual harassment: anger, frustration, and&nbsp;helplessness"}]},{"@type":"WebSite","@id":"https:\/\/mobilefutures.fi\/#website","url":"https:\/\/mobilefutures.fi\/","name":"Mobile Futures","description":"Monimuotoisuus, luottamus ja kaksisuuntainen integraatio","publisher":{"@id":"https:\/\/mobilefutures.fi\/#organization"},"potentialAction":[{"@type":"SearchAction","target":{"@type":"EntryPoint","urlTemplate":"https:\/\/mobilefutures.fi\/?s={search_term_string}"},"query-input":{"@type":"PropertyValueSpecification","valueRequired":true,"valueName":"search_term_string"}}],"inLanguage":"fi"},{"@type":"Organization","@id":"https:\/\/mobilefutures.fi\/#organization","name":"Mobile Futures","url":"https:\/\/mobilefutures.fi\/","logo":{"@type":"ImageObject","inLanguage":"fi","@id":"https:\/\/mobilefutures.fi\/#\/schema\/logo\/image\/","url":"https:\/\/i0.wp.com\/mobilefutures.fi\/wp-content\/uploads\/2022\/02\/Logo-black-1.png?fit=4383%2C2000&ssl=1","contentUrl":"https:\/\/i0.wp.com\/mobilefutures.fi\/wp-content\/uploads\/2022\/02\/Logo-black-1.png?fit=4383%2C2000&ssl=1","width":4383,"height":2000,"caption":"Mobile Futures"},"image":{"@id":"https:\/\/mobilefutures.fi\/#\/schema\/logo\/image\/"},"sameAs":["https:\/\/www.facebook.com\/MobileFuturesFI","https:\/\/x.com\/MobileFuturesFI"]},{"@type":"Person","@id":"https:\/\/mobilefutures.fi\/#\/schema\/person\/24ce1a93b81664772102c36fe51ff958","name":"mbilefutures","image":{"@type":"ImageObject","inLanguage":"fi","@id":"https:\/\/secure.gravatar.com\/avatar\/776a939f94d2888df04ac6b79f0785650f4a4e1bf61fe226509adec0424ed7cd?s=96&d=identicon&r=g","url":"https:\/\/secure.gravatar.com\/avatar\/776a939f94d2888df04ac6b79f0785650f4a4e1bf61fe226509adec0424ed7cd?s=96&d=identicon&r=g","contentUrl":"https:\/\/secure.gravatar.com\/avatar\/776a939f94d2888df04ac6b79f0785650f4a4e1bf61fe226509adec0424ed7cd?s=96&d=identicon&r=g","caption":"mbilefutures"},"sameAs":["http:\/\/mobilefutures720100823.wordpress.com"],"url":"https:\/\/mobilefutures.fi\/fi\/author\/mbilefutures\/"}]}},"jetpack_publicize_connections":[],"jetpack_featured_media_url":"https:\/\/i0.wp.com\/mobilefutures.fi\/wp-content\/uploads\/2023\/06\/blog-27.06-1.jpg?fit=1032%2C688&ssl=1","jetpack_likes_enabled":false,"jetpack_sharing_enabled":true,"jetpack_shortlink":"https:\/\/wp.me\/pdClTx-JF","_links":{"self":[{"href":"https:\/\/mobilefutures.fi\/fi\/wp-json\/wp\/v2\/posts\/2831","targetHints":{"allow":["GET"]}}],"collection":[{"href":"https:\/\/mobilefutures.fi\/fi\/wp-json\/wp\/v2\/posts"}],"about":[{"href":"https:\/\/mobilefutures.fi\/fi\/wp-json\/wp\/v2\/types\/post"}],"author":[{"embeddable":true,"href":"https:\/\/mobilefutures.fi\/fi\/wp-json\/wp\/v2\/users\/215458246"}],"replies":[{"embeddable":true,"href":"https:\/\/mobilefutures.fi\/fi\/wp-json\/wp\/v2\/comments?post=2831"}],"version-history":[{"count":6,"href":"https:\/\/mobilefutures.fi\/fi\/wp-json\/wp\/v2\/posts\/2831\/revisions"}],"predecessor-version":[{"id":2954,"href":"https:\/\/mobilefutures.fi\/fi\/wp-json\/wp\/v2\/posts\/2831\/revisions\/2954"}],"wp:featuredmedia":[{"embeddable":true,"href":"https:\/\/mobilefutures.fi\/fi\/wp-json\/wp\/v2\/media\/2837"}],"wp:attachment":[{"href":"https:\/\/mobilefutures.fi\/fi\/wp-json\/wp\/v2\/media?parent=2831"}],"wp:term":[{"taxonomy":"category","embeddable":true,"href":"https:\/\/mobilefutures.fi\/fi\/wp-json\/wp\/v2\/categories?post=2831"},{"taxonomy":"post_tag","embeddable":true,"href":"https:\/\/mobilefutures.fi\/fi\/wp-json\/wp\/v2\/tags?post=2831"}],"curies":[{"name":"wp","href":"https:\/\/api.w.org\/{rel}","templated":true}]}}