{"id":2917,"date":"2023-08-21T09:07:16","date_gmt":"2023-08-21T06:07:16","guid":{"rendered":"https:\/\/mobilefutures.fi\/?p=2917"},"modified":"2023-08-28T11:04:04","modified_gmt":"2023-08-28T08:04:04","slug":"event-migrant-rights-x-finnish-immigration-policies","status":"publish","type":"post","link":"https:\/\/mobilefutures.fi\/fi\/events\/event-migrant-rights-x-finnish-immigration-policies\/","title":{"rendered":"Tapahtuma: Maahanmuuttajien oikeudet X Suomen maahanmuuttopolitiikka"},"content":{"rendered":"<p class=\"wp-block-paragraph\">Julkinen foorumi, jossa keskustellaan hallitusohjelman maahanmuuttolakiehdotusten vaikutuksista eri maahanmuuttajaryhmien oikeuksiin Suomessa.<\/p>\n\n\n\n<p class=\"wp-block-paragraph\">Tapahtuma kokoaa yhteen yleis\u00f6n ja asiantuntijat, jotta voidaan auttaa ymm\u00e4rt\u00e4m\u00e4\u00e4n ohjelman vaikutuksia, lis\u00e4t\u00e4 tietoisuutta huolenaiheista, tarjota tilaisuus julkiseen vuoropuheluun, kuulla asiantuntijoiden ja kansalaisyhteiskunnan mielipiteit\u00e4 ja laatia yhteinen toimintasuunnitelma huolenaiheiden ratkaisemiseksi. Tapahtuma koostuu asiantuntijoiden tiedotuspuheenvuoroista ja paneelikeskustelusta sek\u00e4 avoimesta mikrofonista ja kyselytunnista, jossa yleis\u00f6 voi esitt\u00e4\u00e4 kysymyksi\u00e4 ja jakaa kokemuksiaan, huolenaiheitaan ja ajatuksiaan.<\/p>\n\n\n\n<p class=\"wp-block-paragraph\"><strong>Puhujat:<\/strong><\/p>\n\n\n\n<p class=\"wp-block-paragraph\">- Riina Bhatia, apulaiskaupunginvaltuutettu, Helsinki, Vihre\u00e4t<br>- Erna Bodstr\u00f6m, maahanmuuttotutkija, DSSc, Helsingin yliopisto.<br>- Julia St\u00e5hle, Suomen ruotsalaisen nuorison puheenjohtaja.<br>- Teemu Haapalehto, maahanmuuttojohtaja, Espoon kaupunki<br>- Nick Walters, PhD, perustaja ja puheenjohtaja, Helsinki LEFT ry.<\/p>\n\n\n\n<p class=\"wp-block-paragraph\">Tapahtuman j\u00e4rjest\u00e4v\u00e4t professori Nitin Sawhney (Trust-M), tohtori Johanna Leinonen (Mobile Futures) sek\u00e4 tohtori Nick Walters &amp; Ditmar Hasanaj (Helsinki LEFT ry).<\/p>\n\n\n\n<p class=\"wp-block-paragraph\">Foorumi j\u00e4rjestet\u00e4\u00e4n heti Suomen uutta maahanmuuttopolitiikkaa vastustavan joukkomielenosoituksen j\u00e4lkeen, joka l\u00e4htee Senaatintorilta klo 15:00 ja p\u00e4\u00e4ttyy Eduskuntatalon edustalle klo 17:00. Olet tervetullut kokoontumaan ulos tai Helsingin keskustakirjasto Oodin aulaan klo 17:30 alkaen. Tilaisuus j\u00e4rjestet\u00e4\u00e4n Maijansalissa Oodin pohjakerroksessa ja ovet avataan klo 18:00.<\/p>\n\n\n\n<p class=\"wp-block-paragraph\">Trust-M:n tavoitteena on luoda luotettavia digitaalisia julkisia palveluja maahanmuuttajien paremman kotouttamisen edist\u00e4miseksi Suomessa ja siten vahvistaa suomalaista yhteiskuntaa lis\u00e4\u00e4m\u00e4ll\u00e4 osallisuutta ja taloudellista elinvoimaa. Hanke on Aalto-yliopiston, Helsingin yliopiston, Tampereen yliopiston ja Espoon kaupungin yhteisty\u00f6hanke.&nbsp;<a href=\"https:\/\/trustmproject.aalto.fi\/\" target=\"_blank\" rel=\"noreferrer noopener\">https:\/\/trustmproject.aalto.fi<\/a><\/p>\n\n\n\n<p class=\"wp-block-paragraph\">Monimuotoisuus, luottamus ja kaksisuuntainen integraatio (Mobile Futures) on monitieteinen, toimintakeskeinen tutkimushanke, jonka tavoitteena on edist\u00e4\u00e4 oikeudenmukaista ja osallistavaa yhteiskuntaa keskittym\u00e4ll\u00e4 integraatioon luottamukseen perustuvana, kaksisuuntaisena prosessina.&nbsp;<a href=\"https:\/\/mobilefutures.fi\/fi\/\" target=\"_blank\" rel=\"noreferrer noopener\">https:\/\/mobilefutures.fi<\/a><\/p>\n\n\n\n<p class=\"wp-block-paragraph\">Helsingin Vasemmisto ry on Vasemmistoliiton uusi ruohonjuuritason osasto. Se ty\u00f6skentelee v\u00e4hemmist\u00f6ryhmien - erityisesti maahanmuuttajien - paremman edustuksen ja integroinnin puolesta suomalaisessa politiikassa, ylitt\u00e4\u00e4 tiet\u00e4myspuutteet ja kielimuurin sek\u00e4 nostaa maahanmuuttajakysymysten profiilia poliittisessa keskustelussa englanniksi.&nbsp;<a href=\"http:\/\/www.instagram.com\/helsinkileft\" target=\"_blank\" rel=\"noreferrer noopener\">www.instagram.com\/helsinkileft<\/a><br><br>Facebook-tapahtumasivu:&nbsp;<\/p>\n\n\n\n<p class=\"wp-block-paragraph\"><a href=\"https:\/\/www.facebook.com\/events\/315713507491609\/\">https:\/\/www.facebook.com\/events\/315713507491609\/<\/a><\/p>\n\n\n\n<p class=\"wp-block-paragraph\"><\/p>\n\n\n\n<figure class=\"wp-block-embed is-type-video is-provider-youtube wp-block-embed-youtube wp-embed-aspect-16-9 wp-has-aspect-ratio\"><div class=\"wp-block-embed__wrapper\">\n<span class=\"embed-youtube\" style=\"text-align:center; display: block;\"><iframe loading=\"lazy\" class=\"youtube-player\" width=\"640\" height=\"360\" src=\"https:\/\/www.youtube.com\/embed\/WGxXikpZYtc?version=3&#038;rel=1&#038;showsearch=0&#038;showinfo=1&#038;iv_load_policy=1&#038;fs=1&#038;hl=fi&#038;autohide=2&#038;wmode=transparent\" allowfullscreen=\"true\" style=\"border:0;\" sandbox=\"allow-scripts allow-same-origin allow-popups allow-presentation allow-popups-to-escape-sandbox\"><\/iframe><\/span>\n<\/div><\/figure>\n\n\n\n<p class=\"wp-block-paragraph\">YHTEENVETO TAPAHTUMASTA T\u00c4\u00c4LL\u00c4: <\/p>\n\n\n\n<p class=\"wp-block-paragraph\"><blockquote class=\"wp-embedded-content\" data-secret=\"Ad5Kau2AeU\"><a href=\"https:\/\/trustmproject.aalto.fi\/migrant-rights-x-finnish-immigration-policies\/\">Maahanmuuttajien oikeudet X Suomen maahanmuuttopolitiikka<\/a><\/blockquote><iframe loading=\"lazy\" class=\"wp-embedded-content\" sandbox=\"allow-scripts\" security=\"restricted\" style=\"position: absolute; clip: rect(1px, 1px, 1px, 1px);\" title=\"&quot;Maahanmuuttajien oikeudet X Suomen maahanmuuttopolitiikka&quot; - Trust M\" src=\"https:\/\/trustmproject.aalto.fi\/migrant-rights-x-finnish-immigration-policies\/embed\/#?secret=DFmjOrEUDp#?secret=Ad5Kau2AeU\" data-secret=\"Ad5Kau2AeU\" width=\"500\" height=\"282\" frameborder=\"0\" marginwidth=\"0\" marginheight=\"0\" scrolling=\"no\"><\/iframe> <\/p>\n\n\n\n<p class=\"wp-block-paragraph\"><\/p>","protected":false},"excerpt":{"rendered":"<p>Julkinen foorumi, jossa keskustellaan hallitusohjelman maahanmuuttolakiehdotusten vaikutuksista eri maahanmuuttajaryhmien oikeuksiin Suomessa.<\/p>","protected":false},"author":215458246,"featured_media":2919,"comment_status":"closed","ping_status":"closed","sticky":false,"template":"","format":"standard","meta":{"_crdt_document":"","inline_featured_image":false,"_jetpack_newsletter_access":"","_jetpack_dont_email_post_to_subs":false,"_jetpack_newsletter_tier_id":0,"_jetpack_memberships_contains_paywalled_content":false,"_jetpack_memberships_contains_paid_content":false,"footnotes":"","jetpack_publicize_message":"","jetpack_publicize_feature_enabled":true,"jetpack_social_post_already_shared":true,"jetpack_social_options":{"image_generator_settings":{"template":"highway","default_image_id":0,"font":"","enabled":false},"version":2},"_wpas_customize_per_network":false,"jetpack_post_was_ever_published":false},"categories":[1386],"tags":[1440,1438,1437,1439,1395],"class_list":["post-2917","post","type-post","status-publish","format-standard","has-post-thumbnail","hentry","category-events","tag-event","tag-government","tag-immigration-policy","tag-migrant-rights","tag-mobile-futures"],"yoast_head":"<!-- This site is optimized with the Yoast SEO plugin v27.5 - https:\/\/yoast.com\/product\/yoast-seo-wordpress\/ -->\n<title>Event: Migrant Rights X Finnish Immigration Policies &#8211; Events Mobile Futures<\/title>\n<meta name=\"description\" content=\"A public forum to discuss the effects of the proposed immigration laws in the government programme on the rights of diverse migrant groups in Finland.\" \/>\n<meta name=\"robots\" content=\"index, follow, max-snippet:-1, max-image-preview:large, max-video-preview:-1\" \/>\n<link rel=\"canonical\" href=\"https:\/\/mobilefutures.fi\/fi\/events\/event-migrant-rights-x-finnish-immigration-policies\/\" \/>\n<meta property=\"og:locale\" content=\"fi_FI\" \/>\n<meta property=\"og:type\" content=\"article\" \/>\n<meta property=\"og:title\" content=\"Event: Migrant Rights X Finnish Immigration Policies &#8211; Events Mobile Futures\" \/>\n<meta property=\"og:description\" content=\"A public forum to discuss the effects of the proposed immigration laws in the government programme on the rights of diverse migrant groups in Finland.\" \/>\n<meta property=\"og:url\" content=\"https:\/\/mobilefutures.fi\/fi\/events\/event-migrant-rights-x-finnish-immigration-policies\/\" \/>\n<meta property=\"og:site_name\" content=\"Mobile Futures\" \/>\n<meta property=\"article:publisher\" content=\"https:\/\/www.facebook.com\/MobileFuturesFI\" \/>\n<meta property=\"article:published_time\" content=\"2023-08-21T06:07:16+00:00\" \/>\n<meta property=\"article:modified_time\" content=\"2023-08-28T08:04:04+00:00\" \/>\n<meta property=\"og:image\" content=\"https:\/\/i0.wp.com\/mobilefutures.fi\/wp-content\/uploads\/2023\/08\/Facebook-cover.png?fit=1920%2C1052&ssl=1\" \/>\n\t<meta property=\"og:image:width\" content=\"1920\" \/>\n\t<meta property=\"og:image:height\" content=\"1052\" \/>\n\t<meta property=\"og:image:type\" content=\"image\/png\" \/>\n<meta name=\"author\" content=\"mbilefutures\" \/>\n<meta name=\"twitter:card\" content=\"summary_large_image\" \/>\n<meta name=\"twitter:creator\" content=\"@MobileFuturesFI\" \/>\n<meta name=\"twitter:site\" content=\"@MobileFuturesFI\" \/>\n<meta name=\"twitter:label1\" content=\"Kirjoittanut\" \/>\n\t<meta name=\"twitter:data1\" content=\"mbilefutures\" \/>\n\t<meta name=\"twitter:label2\" content=\"Arvioitu lukuaika\" \/>\n\t<meta name=\"twitter:data2\" content=\"2 minuuttia\" \/>\n<script type=\"application\/ld+json\" class=\"yoast-schema-graph\">{\"@context\":\"https:\\\/\\\/schema.org\",\"@graph\":[{\"@type\":\"Article\",\"@id\":\"https:\\\/\\\/mobilefutures.fi\\\/events\\\/event-migrant-rights-x-finnish-immigration-policies\\\/#article\",\"isPartOf\":{\"@id\":\"https:\\\/\\\/mobilefutures.fi\\\/events\\\/event-migrant-rights-x-finnish-immigration-policies\\\/\"},\"author\":{\"name\":\"mbilefutures\",\"@id\":\"https:\\\/\\\/mobilefutures.fi\\\/#\\\/schema\\\/person\\\/24ce1a93b81664772102c36fe51ff958\"},\"headline\":\"Event: Migrant Rights X Finnish Immigration&nbsp;Policies\",\"datePublished\":\"2023-08-21T06:07:16+00:00\",\"dateModified\":\"2023-08-28T08:04:04+00:00\",\"mainEntityOfPage\":{\"@id\":\"https:\\\/\\\/mobilefutures.fi\\\/events\\\/event-migrant-rights-x-finnish-immigration-policies\\\/\"},\"wordCount\":403,\"publisher\":{\"@id\":\"https:\\\/\\\/mobilefutures.fi\\\/#organization\"},\"image\":{\"@id\":\"https:\\\/\\\/mobilefutures.fi\\\/events\\\/event-migrant-rights-x-finnish-immigration-policies\\\/#primaryimage\"},\"thumbnailUrl\":\"https:\\\/\\\/i0.wp.com\\\/mobilefutures.fi\\\/wp-content\\\/uploads\\\/2023\\\/08\\\/Facebook-cover.png?fit=1920%2C1052&ssl=1\",\"keywords\":[\"Event\",\"Government\",\"Immigration policy\",\"Migrant Rights\",\"Mobile Futures\"],\"articleSection\":[\"Events\"],\"inLanguage\":\"fi\"},{\"@type\":\"WebPage\",\"@id\":\"https:\\\/\\\/mobilefutures.fi\\\/events\\\/event-migrant-rights-x-finnish-immigration-policies\\\/\",\"url\":\"https:\\\/\\\/mobilefutures.fi\\\/events\\\/event-migrant-rights-x-finnish-immigration-policies\\\/\",\"name\":\"Event: Migrant Rights X Finnish Immigration Policies &#8211; Events Mobile Futures\",\"isPartOf\":{\"@id\":\"https:\\\/\\\/mobilefutures.fi\\\/#website\"},\"primaryImageOfPage\":{\"@id\":\"https:\\\/\\\/mobilefutures.fi\\\/events\\\/event-migrant-rights-x-finnish-immigration-policies\\\/#primaryimage\"},\"image\":{\"@id\":\"https:\\\/\\\/mobilefutures.fi\\\/events\\\/event-migrant-rights-x-finnish-immigration-policies\\\/#primaryimage\"},\"thumbnailUrl\":\"https:\\\/\\\/i0.wp.com\\\/mobilefutures.fi\\\/wp-content\\\/uploads\\\/2023\\\/08\\\/Facebook-cover.png?fit=1920%2C1052&ssl=1\",\"datePublished\":\"2023-08-21T06:07:16+00:00\",\"dateModified\":\"2023-08-28T08:04:04+00:00\",\"description\":\"A public forum to discuss the effects of the proposed immigration laws in the government programme on the rights of diverse migrant groups in Finland.\",\"breadcrumb\":{\"@id\":\"https:\\\/\\\/mobilefutures.fi\\\/events\\\/event-migrant-rights-x-finnish-immigration-policies\\\/#breadcrumb\"},\"inLanguage\":\"fi\",\"potentialAction\":[{\"@type\":\"ReadAction\",\"target\":[\"https:\\\/\\\/mobilefutures.fi\\\/events\\\/event-migrant-rights-x-finnish-immigration-policies\\\/\"]}]},{\"@type\":\"ImageObject\",\"inLanguage\":\"fi\",\"@id\":\"https:\\\/\\\/mobilefutures.fi\\\/events\\\/event-migrant-rights-x-finnish-immigration-policies\\\/#primaryimage\",\"url\":\"https:\\\/\\\/i0.wp.com\\\/mobilefutures.fi\\\/wp-content\\\/uploads\\\/2023\\\/08\\\/Facebook-cover.png?fit=1920%2C1052&ssl=1\",\"contentUrl\":\"https:\\\/\\\/i0.wp.com\\\/mobilefutures.fi\\\/wp-content\\\/uploads\\\/2023\\\/08\\\/Facebook-cover.png?fit=1920%2C1052&ssl=1\",\"width\":1920,\"height\":1052},{\"@type\":\"BreadcrumbList\",\"@id\":\"https:\\\/\\\/mobilefutures.fi\\\/events\\\/event-migrant-rights-x-finnish-immigration-policies\\\/#breadcrumb\",\"itemListElement\":[{\"@type\":\"ListItem\",\"position\":1,\"name\":\"Home\",\"item\":\"https:\\\/\\\/mobilefutures.fi\\\/\"},{\"@type\":\"ListItem\",\"position\":2,\"name\":\"Event: Migrant Rights X Finnish Immigration&nbsp;Policies\"}]},{\"@type\":\"WebSite\",\"@id\":\"https:\\\/\\\/mobilefutures.fi\\\/#website\",\"url\":\"https:\\\/\\\/mobilefutures.fi\\\/\",\"name\":\"Mobile Futures\",\"description\":\"Diversity, Trust and Two-Way Integration\",\"publisher\":{\"@id\":\"https:\\\/\\\/mobilefutures.fi\\\/#organization\"},\"potentialAction\":[{\"@type\":\"SearchAction\",\"target\":{\"@type\":\"EntryPoint\",\"urlTemplate\":\"https:\\\/\\\/mobilefutures.fi\\\/?s={search_term_string}\"},\"query-input\":{\"@type\":\"PropertyValueSpecification\",\"valueRequired\":true,\"valueName\":\"search_term_string\"}}],\"inLanguage\":\"fi\"},{\"@type\":\"Organization\",\"@id\":\"https:\\\/\\\/mobilefutures.fi\\\/#organization\",\"name\":\"Mobile Futures\",\"url\":\"https:\\\/\\\/mobilefutures.fi\\\/\",\"logo\":{\"@type\":\"ImageObject\",\"inLanguage\":\"fi\",\"@id\":\"https:\\\/\\\/mobilefutures.fi\\\/#\\\/schema\\\/logo\\\/image\\\/\",\"url\":\"https:\\\/\\\/i0.wp.com\\\/mobilefutures.fi\\\/wp-content\\\/uploads\\\/2022\\\/02\\\/Logo-black-1.png?fit=4383%2C2000&ssl=1\",\"contentUrl\":\"https:\\\/\\\/i0.wp.com\\\/mobilefutures.fi\\\/wp-content\\\/uploads\\\/2022\\\/02\\\/Logo-black-1.png?fit=4383%2C2000&ssl=1\",\"width\":4383,\"height\":2000,\"caption\":\"Mobile Futures\"},\"image\":{\"@id\":\"https:\\\/\\\/mobilefutures.fi\\\/#\\\/schema\\\/logo\\\/image\\\/\"},\"sameAs\":[\"https:\\\/\\\/www.facebook.com\\\/MobileFuturesFI\",\"https:\\\/\\\/x.com\\\/MobileFuturesFI\"]},{\"@type\":\"Person\",\"@id\":\"https:\\\/\\\/mobilefutures.fi\\\/#\\\/schema\\\/person\\\/24ce1a93b81664772102c36fe51ff958\",\"name\":\"mbilefutures\",\"image\":{\"@type\":\"ImageObject\",\"inLanguage\":\"fi\",\"@id\":\"https:\\\/\\\/secure.gravatar.com\\\/avatar\\\/776a939f94d2888df04ac6b79f0785650f4a4e1bf61fe226509adec0424ed7cd?s=96&d=identicon&r=g\",\"url\":\"https:\\\/\\\/secure.gravatar.com\\\/avatar\\\/776a939f94d2888df04ac6b79f0785650f4a4e1bf61fe226509adec0424ed7cd?s=96&d=identicon&r=g\",\"contentUrl\":\"https:\\\/\\\/secure.gravatar.com\\\/avatar\\\/776a939f94d2888df04ac6b79f0785650f4a4e1bf61fe226509adec0424ed7cd?s=96&d=identicon&r=g\",\"caption\":\"mbilefutures\"},\"sameAs\":[\"http:\\\/\\\/mobilefutures720100823.wordpress.com\"],\"url\":\"https:\\\/\\\/mobilefutures.fi\\\/fi\\\/author\\\/mbilefutures\\\/\"}]}<\/script>\n<!-- \/ Yoast SEO plugin. -->","yoast_head_json":{"title":"Event: Migrant Rights X Finnish Immigration Policies &#8211; Events Mobile Futures","description":"Julkinen foorumi, jossa keskustellaan hallitusohjelman maahanmuuttolakiehdotusten vaikutuksista eri maahanmuuttajaryhmien oikeuksiin Suomessa.","robots":{"index":"index","follow":"follow","max-snippet":"max-snippet:-1","max-image-preview":"max-image-preview:large","max-video-preview":"max-video-preview:-1"},"canonical":"https:\/\/mobilefutures.fi\/fi\/events\/event-migrant-rights-x-finnish-immigration-policies\/","og_locale":"fi_FI","og_type":"article","og_title":"Event: Migrant Rights X Finnish Immigration Policies &#8211; Events Mobile Futures","og_description":"A public forum to discuss the effects of the proposed immigration laws in the government programme on the rights of diverse migrant groups in Finland.","og_url":"https:\/\/mobilefutures.fi\/fi\/events\/event-migrant-rights-x-finnish-immigration-policies\/","og_site_name":"Mobile Futures","article_publisher":"https:\/\/www.facebook.com\/MobileFuturesFI","article_published_time":"2023-08-21T06:07:16+00:00","article_modified_time":"2023-08-28T08:04:04+00:00","og_image":[{"width":1920,"height":1052,"url":"https:\/\/i0.wp.com\/mobilefutures.fi\/wp-content\/uploads\/2023\/08\/Facebook-cover.png?fit=1920%2C1052&ssl=1","type":"image\/png"}],"author":"mbilefutures","twitter_card":"summary_large_image","twitter_creator":"@MobileFuturesFI","twitter_site":"@MobileFuturesFI","twitter_misc":{"Kirjoittanut":"mbilefutures","Arvioitu lukuaika":"2 minuuttia"},"schema":{"@context":"https:\/\/schema.org","@graph":[{"@type":"Article","@id":"https:\/\/mobilefutures.fi\/events\/event-migrant-rights-x-finnish-immigration-policies\/#article","isPartOf":{"@id":"https:\/\/mobilefutures.fi\/events\/event-migrant-rights-x-finnish-immigration-policies\/"},"author":{"name":"mbilefutures","@id":"https:\/\/mobilefutures.fi\/#\/schema\/person\/24ce1a93b81664772102c36fe51ff958"},"headline":"Event: Migrant Rights X Finnish Immigration&nbsp;Policies","datePublished":"2023-08-21T06:07:16+00:00","dateModified":"2023-08-28T08:04:04+00:00","mainEntityOfPage":{"@id":"https:\/\/mobilefutures.fi\/events\/event-migrant-rights-x-finnish-immigration-policies\/"},"wordCount":403,"publisher":{"@id":"https:\/\/mobilefutures.fi\/#organization"},"image":{"@id":"https:\/\/mobilefutures.fi\/events\/event-migrant-rights-x-finnish-immigration-policies\/#primaryimage"},"thumbnailUrl":"https:\/\/i0.wp.com\/mobilefutures.fi\/wp-content\/uploads\/2023\/08\/Facebook-cover.png?fit=1920%2C1052&ssl=1","keywords":["Event","Government","Immigration policy","Migrant Rights","Mobile Futures"],"articleSection":["Events"],"inLanguage":"fi"},{"@type":"WebPage","@id":"https:\/\/mobilefutures.fi\/events\/event-migrant-rights-x-finnish-immigration-policies\/","url":"https:\/\/mobilefutures.fi\/events\/event-migrant-rights-x-finnish-immigration-policies\/","name":"Event: Migrant Rights X Finnish Immigration Policies &#8211; Events Mobile Futures","isPartOf":{"@id":"https:\/\/mobilefutures.fi\/#website"},"primaryImageOfPage":{"@id":"https:\/\/mobilefutures.fi\/events\/event-migrant-rights-x-finnish-immigration-policies\/#primaryimage"},"image":{"@id":"https:\/\/mobilefutures.fi\/events\/event-migrant-rights-x-finnish-immigration-policies\/#primaryimage"},"thumbnailUrl":"https:\/\/i0.wp.com\/mobilefutures.fi\/wp-content\/uploads\/2023\/08\/Facebook-cover.png?fit=1920%2C1052&ssl=1","datePublished":"2023-08-21T06:07:16+00:00","dateModified":"2023-08-28T08:04:04+00:00","description":"Julkinen foorumi, jossa keskustellaan hallitusohjelman maahanmuuttolakiehdotusten vaikutuksista eri maahanmuuttajaryhmien oikeuksiin Suomessa.","breadcrumb":{"@id":"https:\/\/mobilefutures.fi\/events\/event-migrant-rights-x-finnish-immigration-policies\/#breadcrumb"},"inLanguage":"fi","potentialAction":[{"@type":"ReadAction","target":["https:\/\/mobilefutures.fi\/events\/event-migrant-rights-x-finnish-immigration-policies\/"]}]},{"@type":"ImageObject","inLanguage":"fi","@id":"https:\/\/mobilefutures.fi\/events\/event-migrant-rights-x-finnish-immigration-policies\/#primaryimage","url":"https:\/\/i0.wp.com\/mobilefutures.fi\/wp-content\/uploads\/2023\/08\/Facebook-cover.png?fit=1920%2C1052&ssl=1","contentUrl":"https:\/\/i0.wp.com\/mobilefutures.fi\/wp-content\/uploads\/2023\/08\/Facebook-cover.png?fit=1920%2C1052&ssl=1","width":1920,"height":1052},{"@type":"BreadcrumbList","@id":"https:\/\/mobilefutures.fi\/events\/event-migrant-rights-x-finnish-immigration-policies\/#breadcrumb","itemListElement":[{"@type":"ListItem","position":1,"name":"Home","item":"https:\/\/mobilefutures.fi\/"},{"@type":"ListItem","position":2,"name":"Event: Migrant Rights X Finnish Immigration&nbsp;Policies"}]},{"@type":"WebSite","@id":"https:\/\/mobilefutures.fi\/#website","url":"https:\/\/mobilefutures.fi\/","name":"Mobile Futures","description":"Monimuotoisuus, luottamus ja kaksisuuntainen integraatio","publisher":{"@id":"https:\/\/mobilefutures.fi\/#organization"},"potentialAction":[{"@type":"SearchAction","target":{"@type":"EntryPoint","urlTemplate":"https:\/\/mobilefutures.fi\/?s={search_term_string}"},"query-input":{"@type":"PropertyValueSpecification","valueRequired":true,"valueName":"search_term_string"}}],"inLanguage":"fi"},{"@type":"Organization","@id":"https:\/\/mobilefutures.fi\/#organization","name":"Mobile Futures","url":"https:\/\/mobilefutures.fi\/","logo":{"@type":"ImageObject","inLanguage":"fi","@id":"https:\/\/mobilefutures.fi\/#\/schema\/logo\/image\/","url":"https:\/\/i0.wp.com\/mobilefutures.fi\/wp-content\/uploads\/2022\/02\/Logo-black-1.png?fit=4383%2C2000&ssl=1","contentUrl":"https:\/\/i0.wp.com\/mobilefutures.fi\/wp-content\/uploads\/2022\/02\/Logo-black-1.png?fit=4383%2C2000&ssl=1","width":4383,"height":2000,"caption":"Mobile Futures"},"image":{"@id":"https:\/\/mobilefutures.fi\/#\/schema\/logo\/image\/"},"sameAs":["https:\/\/www.facebook.com\/MobileFuturesFI","https:\/\/x.com\/MobileFuturesFI"]},{"@type":"Person","@id":"https:\/\/mobilefutures.fi\/#\/schema\/person\/24ce1a93b81664772102c36fe51ff958","name":"mbilefutures","image":{"@type":"ImageObject","inLanguage":"fi","@id":"https:\/\/secure.gravatar.com\/avatar\/776a939f94d2888df04ac6b79f0785650f4a4e1bf61fe226509adec0424ed7cd?s=96&d=identicon&r=g","url":"https:\/\/secure.gravatar.com\/avatar\/776a939f94d2888df04ac6b79f0785650f4a4e1bf61fe226509adec0424ed7cd?s=96&d=identicon&r=g","contentUrl":"https:\/\/secure.gravatar.com\/avatar\/776a939f94d2888df04ac6b79f0785650f4a4e1bf61fe226509adec0424ed7cd?s=96&d=identicon&r=g","caption":"mbilefutures"},"sameAs":["http:\/\/mobilefutures720100823.wordpress.com"],"url":"https:\/\/mobilefutures.fi\/fi\/author\/mbilefutures\/"}]}},"jetpack_publicize_connections":[],"jetpack_featured_media_url":"https:\/\/i0.wp.com\/mobilefutures.fi\/wp-content\/uploads\/2023\/08\/Facebook-cover.png?fit=1920%2C1052&ssl=1","jetpack_likes_enabled":false,"jetpack_sharing_enabled":true,"jetpack_shortlink":"https:\/\/wp.me\/pdClTx-L3","_links":{"self":[{"href":"https:\/\/mobilefutures.fi\/fi\/wp-json\/wp\/v2\/posts\/2917","targetHints":{"allow":["GET"]}}],"collection":[{"href":"https:\/\/mobilefutures.fi\/fi\/wp-json\/wp\/v2\/posts"}],"about":[{"href":"https:\/\/mobilefutures.fi\/fi\/wp-json\/wp\/v2\/types\/post"}],"author":[{"embeddable":true,"href":"https:\/\/mobilefutures.fi\/fi\/wp-json\/wp\/v2\/users\/215458246"}],"replies":[{"embeddable":true,"href":"https:\/\/mobilefutures.fi\/fi\/wp-json\/wp\/v2\/comments?post=2917"}],"version-history":[{"count":6,"href":"https:\/\/mobilefutures.fi\/fi\/wp-json\/wp\/v2\/posts\/2917\/revisions"}],"predecessor-version":[{"id":2935,"href":"https:\/\/mobilefutures.fi\/fi\/wp-json\/wp\/v2\/posts\/2917\/revisions\/2935"}],"wp:featuredmedia":[{"embeddable":true,"href":"https:\/\/mobilefutures.fi\/fi\/wp-json\/wp\/v2\/media\/2919"}],"wp:attachment":[{"href":"https:\/\/mobilefutures.fi\/fi\/wp-json\/wp\/v2\/media?parent=2917"}],"wp:term":[{"taxonomy":"category","embeddable":true,"href":"https:\/\/mobilefutures.fi\/fi\/wp-json\/wp\/v2\/categories?post=2917"},{"taxonomy":"post_tag","embeddable":true,"href":"https:\/\/mobilefutures.fi\/fi\/wp-json\/wp\/v2\/tags?post=2917"}],"curies":[{"name":"wp","href":"https:\/\/api.w.org\/{rel}","templated":true}]}}