{"id":3485,"date":"2024-02-06T08:49:30","date_gmt":"2024-02-06T06:49:30","guid":{"rendered":"https:\/\/mobilefutures.fi\/?p=3485"},"modified":"2024-05-20T09:19:52","modified_gmt":"2024-05-20T06:19:52","slug":"mobile-futures-conference-re-imagining-integration-in-a-just-society","status":"publish","type":"post","link":"https:\/\/mobilefutures.fi\/fi\/events\/mobile-futures-conference-re-imagining-integration-in-a-just-society\/","title":{"rendered":"Mobile Futures -konferenssi: Re-imagining integration in a just society"},"content":{"rendered":"<p class=\"wp-block-paragraph\">16-17.5.2024 \u00c5bo Akademi, ASA &amp; Aurum, Turku.<\/p>\n\n\n\n<p class=\"wp-block-paragraph\"><strong>HUOM! Konferenssin ilmoittautuminen on p\u00e4\u00e4ttynyt.<\/strong>. Voit seurata osaa ohjelmasta suoratoistona verkossa, eik\u00e4 sinun tarvitse rekister\u00f6ity\u00e4. Katso tarkemmat tiedot alla olevasta ohjelmasta.<\/p>\n\n\n\n<p class=\"has-large-font-size wp-block-paragraph\"><a href=\"https:\/\/aboakademi.zoom.us\/j\/64479319701\">&gt;&gt;To online streaming<\/a><\/p>\n\n\n\n<div style=\"height:32px\" aria-hidden=\"true\" class=\"wp-block-spacer\"><\/div>\n\n\n\n<h4 class=\"wp-block-heading\">Konferenssivihko, jossa on tiivistelm\u00e4t ja ohjelma.<\/h4>\n\n\n\n<div class=\"wp-block-file\"><a id=\"wp-block-file--media-492b6261-c1de-4aab-9cb7-446521be8e68\" href=\"https:\/\/mobilefutures.fi\/wp-content\/uploads\/2024\/05\/Conference-booklet-with-info-pack-and-abstracts.pdf\">Mobile Futures -konferenssin esite<\/a><a href=\"https:\/\/mobilefutures.fi\/wp-content\/uploads\/2024\/05\/Conference-booklet-with-info-pack-and-abstracts.pdf\" class=\"wp-block-file__button wp-element-button\" download aria-describedby=\"wp-block-file--media-492b6261-c1de-4aab-9cb7-446521be8e68\">Lataa<\/a><\/div>\n\n\n\n<div style=\"height:20px\" aria-hidden=\"true\" class=\"wp-block-spacer\"><\/div>\n\n\n\n<h4 class=\"wp-block-heading\"><strong>Ohjelma<\/strong><\/h4>\n\n\n\n<h5 class=\"wp-block-heading\"><strong>torstai, 16.5.2024<\/strong>, ASA-talo (V\u00e4nrikinkatu 3 B)<\/h5>\n\n\n\n<p class=\"wp-block-paragraph\"><strong>9:30-10:00<\/strong> Rekister\u00f6inti<br><br><strong>10:00-10:15<\/strong> Tervetuloa, ASA Stora <br><br><strong>10:15-11:30<\/strong> Avauspuheenvuoro 1, ASA Stora, <a href=\"https:\/\/aboakademi.zoom.us\/j\/64479319701\">Online streaming<\/a> <strong>Patricia Hynes<\/strong>, Helena Kennedy Centre for International Justice, Sheffield Hallamin yliopisto: <strong>Varoittava esimerkki: Kotouttamisesta vihamielisyyteen Yhdistyneess\u00e4 kuningaskunnassa<br><\/strong><br><strong>11:30-12:00<\/strong> Kahvitauko<br><br><strong>12:00-13:00<\/strong> Istunto 1, ASA Stora, <a href=\"https:\/\/aboakademi.zoom.us\/j\/64479319701\">Online streaming<\/a><\/p>\n\n\n\n<p class=\"wp-block-paragraph\"><strong>Kotoutuminen erilaisiin yhteiskuntiin<\/strong> (2 paperia)<\/p>\n\n\n\n<ul class=\"wp-block-list\">\n<li><strong>Pasi Saukkonen<\/strong>Helsingin kaupunki, kaupunkitutkimus ja tilastot: Sallia, kielt\u00e4\u00e4, suvaita<\/li>\n\n\n\n<li><strong>Elina Turjanmaa<\/strong>, Oulun yliopisto;<strong> Sari Vanhanen<\/strong>, Suomen Siirtolaisuusinstituutti: Kotouttamista koskevan ymm\u00e4rryksen uudelleenrakentaminen ammatillisessa keskustelussa ja k\u00e4yt\u00e4nn\u00f6iss\u00e4.<\/li>\n<\/ul>\n\n\n\n<p class=\"wp-block-paragraph\"><strong>13:00-14:15<\/strong> Lounas<br><br><strong>14:15-15:45<\/strong> Istunto 2 (rinnakkaisistunnot a-b)<\/p>\n\n\n\n<p class=\"wp-block-paragraph\">a) <strong>Uudelleenrakentamisen ja voimaannuttamisen k\u00e4yt\u00e4nn\u00f6t<\/strong>, ASA Stora (3 artikkelia)<\/p>\n\n\n\n<ul class=\"wp-block-list\">\n<li><strong>Saara Intonen<\/strong>, Oulun yliopisto: Kotoutuminen ja tunnustaminen pakkosiirtolaisuuden kokemuksissa<\/li>\n\n\n\n<li><strong>Olga Tkach<\/strong>Helsingin yliopisto: Helsinki: Tilap\u00e4inen suojelu ja yksityinen asuminen Suomessa: Ruohonjuuritason vapaaehtoisten huolenpito ja lis\u00e4\u00e4ntymisty\u00f6<\/li>\n\n\n\n<li><strong>Outi K\u00e4h\u00e4ri<\/strong>, Oulun yliopisto: Anti-rasistiset podcastit: Sosiaalisen oikeudenmukaisuuden edist\u00e4minen ty\u00f6el\u00e4m\u00e4ss\u00e4.<\/li>\n<\/ul>\n\n\n\n<p class=\"wp-block-paragraph\">b) <strong>Ammattitaitoisten maahanmuuttajien osallistuminen<\/strong>, ASA Lilla (3 artikkelia)<\/p>\n\n\n\n<ul class=\"wp-block-list\">\n<li><strong>Anna Bj\u00f6rn\u00f6<\/strong>, Tampereen yliopisto;<strong> Helena Hinke Dobrochinski, <\/strong>Helsingin yliopisto;<strong> Sonja Trifuljesko<\/strong>Helsingin yliopisto: Koulutettujen maahanmuuttajien houkuttelu ja my\u00f6hempi osallistuminen yhteiskuntaan.<\/li>\n\n\n\n<li><strong>Hamed Ahmadinia<\/strong>, \u00c5bo Akademin yliopisto: Pioneering Integration Strategies for Skilled Immigrants in the European Context: Pioneering Integration Strategies for Skilled Immigrants in the European Context<\/li>\n\n\n\n<li><strong>Nilay Kilin\u00e7<\/strong>, Helsingin kaupunki- ja aluetutkimuslaitos, Helsingin yliopisto: Haasteet ammattitaitoisten maahanmuuttajien ty\u00f6markkinoille integroitumisessa ja kulttuurienv\u00e4lisen p\u00e4\u00e4oman hy\u00f6dynt\u00e4minen.<\/li>\n<\/ul>\n\n\n\n<p class=\"wp-block-paragraph\"><strong>15:45-16:15<\/strong> Tauko<br><br><strong>16:15-17:30<\/strong> Avauspuheenvuoro 2, ASA Stora, <a href=\"https:\/\/aboakademi.zoom.us\/j\/64479319701\">Online streaming<\/a>: <strong>Tamar De Waal<\/strong>, Amsterdamin yliopisto <strong>Muuttuvat n\u00e4k\u00f6kulmat \"integraatioon\": Alankomaiden n\u00e4kemyksi\u00e4<br><\/strong><br><strong>18:30&gt;&gt;&gt;&gt;&gt;<\/strong> Illallinen Aboa Vetus Ars Novassa, It\u00e4inen Rantakatu 4-6 (edellytt\u00e4\u00e4 ennakkoilmoittautumista\/ilmoittautuminen suljettu)<\/p>\n\n\n\n<div style=\"height:29px\" aria-hidden=\"true\" class=\"wp-block-spacer\"><\/div>\n\n\n\n<h5 class=\"wp-block-heading\">PERJANTAI 17.5.2024, Aurum-talo (Henrikinkatu 2)<\/h5>\n\n\n\n<p class=\"wp-block-paragraph\"><strong>9:30-11:00<\/strong> Istunto 3 (rinnakkaisistunnot c-d)<\/p>\n\n\n\n<p class=\"wp-block-paragraph\">c) <strong>Luottamus ja yhteenkuuluvuus<\/strong>, Aurum Argentum (3 artikkelia)<\/p>\n\n\n\n<ul class=\"wp-block-list\">\n<li><strong>Valtteri V\u00e4h\u00e4-Savo<\/strong>, Tampereen yliopisto; <strong>Venla Koivuluhta<\/strong>, Oulun yliopisto: Luottamuksen ulottuvuuksien erittely k\u00e4\u00e4nnytettyjen turvapaikanhakijoiden kontekstissa.<\/li>\n\n\n\n<li><strong>Zahra Hosseini<\/strong>Helsingin yliopisto: Kulttuurisesta integraatiosta osallisuuteen luottamuksen ja kuulumisen katalyyttisen roolin avulla.<\/li>\n\n\n\n<li><strong>Iida Kauhanen<\/strong>, Oulun yliopisto;<strong> Joa Hiitola<\/strong>, Oulun yliopisto;<strong> Valtteri V\u00e4h\u00e4-Savo<\/strong>, Tampereen yliopisto: Racialized Terrains of Trust: Traversing Racialized Terrains of Trust.<\/li>\n<\/ul>\n\n\n\n<p class=\"wp-block-paragraph\">d) <strong>Institutionaaliset kohtaamiset I<\/strong>, Aurum Rhodium (3 paperia)<\/p>\n\n\n\n<ul class=\"wp-block-list\">\n<li><strong>Liselott Sundb\u00e4ck<\/strong>, \u00c5bo Akademin yliopisto: Pakotettujen maahanmuuttajien ja hyvinvointialan ammattilaisten v\u00e4liset institutionaaliset kohtaamiset.<\/li>\n\n\n\n<li><strong>Anna Sj\u00f6dal<\/strong>, \u00c5bo Akademin yliopisto: Kielenvalinta ja ammatin n\u00e4k\u00f6kulma.<\/li>\n\n\n\n<li><strong>Seija Jalagin<\/strong>, Oulun yliopisto: Perheasiat, valtion asiat: Suomen sotien v\u00e4lisen pakolaishallinnon risteyskohdat.<\/li>\n<\/ul>\n\n\n\n<p class=\"wp-block-paragraph\"><strong>11:00-11:30<\/strong> Kahvitauko<br><br><strong>11:30-13:00<\/strong> Istunto 4 (rinnakkaisistunnot e-f)<\/p>\n\n\n\n<p class=\"wp-block-paragraph\">e) <strong>Innovaation ja osallisuuden taktiikat<\/strong>, Aurum Rhodium (3 paperia)<\/p>\n\n\n\n<ul class=\"wp-block-list\">\n<li><strong>Linda Haapaj\u00e4rvi<\/strong>: Making do do with policy. Maahanmuuttajanaisten osallistumistaktiikat Pariisissa ja Helsingiss\u00e4.<\/li>\n\n\n\n<li><strong>Veikko Ikonen<\/strong>, VTT Teknologian tutkimuskeskus Oy: Innovaatioiden demokratisointi: kansalaisten kanssa teht\u00e4v\u00e4n innovoinnin haasteet ja mahdollisuudet.<\/li>\n\n\n\n<li><strong>Anastasiia Korol<\/strong>, Jyv\u00e4skyl\u00e4n yliopisto: Jyv\u00e4skyl\u00e4: Onko vain yksi tapa integroitua?<\/li>\n<\/ul>\n\n\n\n<p class=\"wp-block-paragraph\">f) Institutionaaliset kohtaamiset II, Aurum Argentum (3 asiakirjaa)<\/p>\n\n\n\n<ul class=\"wp-block-list\">\n<li><strong>Anne H\u00e4kkinen<\/strong>, Aalto-yliopisto; <strong>Johanna Ylipulli<\/strong>, Aalto-yliopisto: Exploring service providers views on building inclusive cities<\/li>\n\n\n\n<li><strong>Mika Raunio<\/strong>, Suomen Siirtolaisuusinstituutti: Ty\u00f6nantajien valmiudet edist\u00e4\u00e4 kaksisuuntaista kotoutumista - systeeminen l\u00e4hestymistapa.<\/li>\n\n\n\n<li><strong>Aaro Tupasela<\/strong>Helsingin yliopisto: Chatbotit integraation v\u00e4litt\u00e4jin\u00e4<\/li>\n<\/ul>\n\n\n\n<p class=\"wp-block-paragraph\"><strong>13:00-14:15 Lounas<br><\/strong><br><strong>14:15-15:45<\/strong> Paneelikeskustelu, Aurum Argentum,<a href=\"https:\/\/aboakademi.zoom.us\/j\/64479319701\">Online streaming<\/a><br><br><strong>Kotouttaminen oikeudenmukaisessa yhteiskunnassa - tutkimuksen ja k\u00e4yt\u00e4nn\u00f6n v\u00e4linen vuoropuhelu<\/strong><\/p>\n\n\n\n<ul class=\"wp-block-list\">\n<li><strong>Shadia Rask<\/strong>, THL<\/li>\n\n\n\n<li><strong>Anna Kivinen<\/strong>, Turun kaupunki<\/li>\n\n\n\n<li><strong>Carolin Ahlvik-Harju<\/strong>, Diakonissalaitos<\/li>\n<\/ul>\n\n\n\n<p class=\"wp-block-paragraph\"><strong>15:45-16:00<\/strong> P\u00e4\u00e4telm\u00e4t<br><\/p>\n\n\n\n<div style=\"height:62px\" aria-hidden=\"true\" class=\"wp-block-spacer\"><\/div>\n\n\n\n<h3 class=\"wp-block-heading\">Turvallisemman tilan suuntaviivat<\/h3>\n\n\n\n<p class=\"wp-block-paragraph\">Huomioithan, ett\u00e4 Mobile Futures haluaa edist\u00e4\u00e4 turvallisempaa tilaa kaikille, joten tutustu ohjeisiimme ennen tapahtumaa. <\/p>\n\n\n\n<p class=\"wp-block-paragraph\"><a href=\"https:\/\/mobilefutures.fi\/wp-content\/uploads\/2022\/10\/Mobile-Futures-safer-space-guidelines.pdf\">&gt;&gt;Mobile Futuresin turvallisemman tilan suuntaviivat<\/a><\/p>\n\n\n\n<div style=\"height:58px\" aria-hidden=\"true\" class=\"wp-block-spacer\"><\/div>\n\n\n\n<h3 class=\"wp-block-heading\">Konferenssista<\/h3>\n\n\n\n<p class=\"wp-block-paragraph\">Mit\u00e4 on integraatio oikeudenmukaisessa yhteiskunnassa? Vaikka virallinen kotouttamispolitiikka perustuu ajatukseen kaksisuuntaisesta kotouttamisesta, k\u00e4yt\u00e4nn\u00f6ss\u00e4 kotouttamispolitiikka ja -toimenpiteet on suunnattu vain maahanmuuttajav\u00e4est\u00f6lle. Innovatiiviset l\u00e4hestymistavat kotouttamiseen edellytt\u00e4v\u00e4t strategista uudelleensuuntautumista sek\u00e4 uudenlaisia tapoja ajatella ja tutkia kotouttamista. T\u00e4m\u00e4 tarkoittaa painopisteen siirt\u00e4mist\u00e4 maahanmuuttajista koko yhteiskuntaan sek\u00e4 vastaanottavan yhteiskunnan syrjivien k\u00e4yt\u00e4nt\u00f6jen kriittist\u00e4 tarkastelua.<\/p>\n\n\n\n<p class=\"wp-block-paragraph\">Tervetuloa mukaan t\u00e4h\u00e4n monitieteiseen konferenssiin! Tavoitteenamme on:<\/p>\n\n\n\n<p class=\"wp-block-paragraph\">1. Keksit\u00e4\u00e4n uusia kotouttamista koskevia l\u00e4hestymistapoja, joissa keskityt\u00e4\u00e4n koko yhteiskuntaan: lains\u00e4\u00e4d\u00e4nt\u00f6\u00f6n, tiedotukseen, ty\u00f6markkinoihin ja jokap\u00e4iv\u00e4isiin kohtaamisiin.&nbsp;<\/p>\n\n\n\n<p class=\"wp-block-paragraph\">2. Keskustellaan siit\u00e4, miten p\u00e4\u00e4t\u00f6ksentekij\u00e4t, virkamiehet, ammattilaiset, kansalaisj\u00e4rjest\u00f6t ja muut sidosryhm\u00e4t voivat soveltaa n\u00e4it\u00e4 k\u00e4yt\u00e4nt\u00f6j\u00e4 ja politiikkoja maahanmuutto- ja kotouttamisk\u00e4yt\u00e4nn\u00f6iss\u00e4 ja -politiikoissa.<\/p>\n\n\n\n<p class=\"wp-block-paragraph\"><strong>Jos sinulla on kysytt\u00e4v\u00e4\u00e4, \u00e4l\u00e4 ep\u00e4r\u00f6i ottaa yhteytt\u00e4: <a href=\"mailto:hello@mobilefutures.fi\">hello@mobilefutures.fi<\/a><\/strong><\/p>\n\n\n\n<p class=\"wp-block-paragraph\"><br><\/p>","protected":false},"excerpt":{"rendered":"<p>Tervetuloa Mobile Futures -konferenssiin, jossa tarkastelemme innovatiivisia l\u00e4hestymistapoja kotouttamiseen ja siirr\u00e4mme huomion maahanmuuttajista koko yhteiskuntaan. Tule mukaan muokkaamaan kotouttamisen ja yhteiskunnallisen muutoksen tulevaisuutta!<\/p>","protected":false},"author":215458246,"featured_media":3728,"comment_status":"closed","ping_status":"closed","sticky":false,"template":"","format":"standard","meta":{"inline_featured_image":false,"_oh_my_svg_data":[],"_jetpack_newsletter_access":"","_jetpack_dont_email_post_to_subs":true,"_jetpack_newsletter_tier_id":0,"_jetpack_memberships_contains_paywalled_content":false,"_wpcom_ai_launchpad_first_post":false,"_jetpack_feature_clip_id":0,"_jetpack_memberships_contains_paid_content":false,"footnotes":"","jetpack_publicize_message":"{title}\n\n{excerpt}\n\n{url}","jetpack_publicize_feature_enabled":true,"jetpack_social_post_already_shared":false,"jetpack_social_options":{"image_generator_settings":{"template":"highway","default_image_id":0,"font":"","enabled":false},"version":2},"_wpas_customize_per_network":false,"jetpack_post_was_ever_published":false},"categories":[1386],"tags":[1454,1417,1395],"class_list":["post-3485","post","type-post","status-publish","format-standard","has-post-thumbnail","hentry","category-events","tag-conference","tag-integration","tag-mobile-futures"],"yoast_head":"<!-- This site is optimized with the Yoast SEO plugin v28.3 - https:\/\/yoast.com\/product\/yoast-seo-wordpress\/ -->\n<title>Mobile Futures Conference: Re-imagining integration in a just\u00a0society &#8211; Events Mobile Futures<\/title>\n<meta name=\"description\" content=\"Welcome to the Mobile Futures Conference, where we will explore innovative approaches to integration, shifting the focus from migrants to society as a whole. Join us in reshaping the future of integration and societal change!\" \/>\n<meta name=\"robots\" content=\"index, follow, max-snippet:-1, max-image-preview:large, max-video-preview:-1\" \/>\n<link rel=\"canonical\" href=\"https:\/\/mobilefutures.fi\/fi\/events\/mobile-futures-conference-re-imagining-integration-in-a-just-society\/\" \/>\n<meta property=\"og:locale\" content=\"fi_FI\" \/>\n<meta property=\"og:type\" content=\"article\" \/>\n<meta property=\"og:title\" content=\"Mobile Futures Conference: Re-imagining integration in a just\u00a0society &#8211; Events Mobile Futures\" \/>\n<meta property=\"og:description\" content=\"Welcome to the Mobile Futures Conference, where we will explore innovative approaches to integration, shifting the focus from migrants to society as a whole. Join us in reshaping the future of integration and societal change!\" \/>\n<meta property=\"og:url\" content=\"https:\/\/mobilefutures.fi\/fi\/events\/mobile-futures-conference-re-imagining-integration-in-a-just-society\/\" \/>\n<meta property=\"og:site_name\" content=\"Mobile Futures\" \/>\n<meta property=\"article:publisher\" content=\"https:\/\/www.facebook.com\/MobileFuturesFI\" \/>\n<meta property=\"article:published_time\" content=\"2024-02-06T06:49:30+00:00\" \/>\n<meta property=\"article:modified_time\" content=\"2024-05-20T06:19:52+00:00\" \/>\n<meta property=\"og:image\" content=\"https:\/\/mobilefutures.fi\/wp-content\/uploads\/2024\/04\/Conference_Reimagining_2024_SOME-7.png\" \/>\n\t<meta property=\"og:image:width\" content=\"1200\" \/>\n\t<meta property=\"og:image:height\" content=\"675\" \/>\n\t<meta property=\"og:image:type\" content=\"image\/png\" \/>\n<meta name=\"author\" content=\"mbilefutures\" \/>\n<meta name=\"twitter:card\" content=\"summary_large_image\" \/>\n<meta name=\"twitter:creator\" content=\"@MobileFuturesFI\" \/>\n<meta name=\"twitter:site\" content=\"@MobileFuturesFI\" \/>\n<meta name=\"twitter:label1\" content=\"Kirjoittanut\" \/>\n\t<meta name=\"twitter:data1\" content=\"mbilefutures\" \/>\n\t<meta name=\"twitter:label2\" content=\"Arvioitu lukuaika\" \/>\n\t<meta name=\"twitter:data2\" content=\"4 minuuttia\" \/>\n<script type=\"application\/ld+json\" class=\"yoast-schema-graph\">{\"@context\":\"https:\\\/\\\/schema.org\",\"@graph\":[{\"@type\":\"Article\",\"@id\":\"https:\\\/\\\/mobilefutures.fi\\\/events\\\/mobile-futures-conference-re-imagining-integration-in-a-just-society\\\/#article\",\"isPartOf\":{\"@id\":\"https:\\\/\\\/mobilefutures.fi\\\/events\\\/mobile-futures-conference-re-imagining-integration-in-a-just-society\\\/\"},\"author\":{\"name\":\"mbilefutures\",\"@id\":\"https:\\\/\\\/mobilefutures.fi\\\/#\\\/schema\\\/person\\\/24ce1a93b81664772102c36fe51ff958\"},\"headline\":\"Mobile Futures Conference: Re-imagining integration in a&nbsp;just\u00a0society\",\"datePublished\":\"2024-02-06T06:49:30+00:00\",\"dateModified\":\"2024-05-20T06:19:52+00:00\",\"mainEntityOfPage\":{\"@id\":\"https:\\\/\\\/mobilefutures.fi\\\/events\\\/mobile-futures-conference-re-imagining-integration-in-a-just-society\\\/\"},\"wordCount\":786,\"publisher\":{\"@id\":\"https:\\\/\\\/mobilefutures.fi\\\/#organization\"},\"image\":{\"@id\":\"https:\\\/\\\/mobilefutures.fi\\\/events\\\/mobile-futures-conference-re-imagining-integration-in-a-just-society\\\/#primaryimage\"},\"thumbnailUrl\":\"https:\\\/\\\/i0.wp.com\\\/mobilefutures.fi\\\/wp-content\\\/uploads\\\/2024\\\/04\\\/Conference_Reimagining_2024_SOME-7.png?fit=1200%2C675&ssl=1\",\"keywords\":[\"Conference\",\"integration\",\"Mobile Futures\"],\"articleSection\":[\"Events\"],\"inLanguage\":\"fi\"},{\"@type\":\"WebPage\",\"@id\":\"https:\\\/\\\/mobilefutures.fi\\\/events\\\/mobile-futures-conference-re-imagining-integration-in-a-just-society\\\/\",\"url\":\"https:\\\/\\\/mobilefutures.fi\\\/events\\\/mobile-futures-conference-re-imagining-integration-in-a-just-society\\\/\",\"name\":\"Mobile Futures Conference: Re-imagining integration in a just\u00a0society &#8211; Events Mobile Futures\",\"isPartOf\":{\"@id\":\"https:\\\/\\\/mobilefutures.fi\\\/#website\"},\"primaryImageOfPage\":{\"@id\":\"https:\\\/\\\/mobilefutures.fi\\\/events\\\/mobile-futures-conference-re-imagining-integration-in-a-just-society\\\/#primaryimage\"},\"image\":{\"@id\":\"https:\\\/\\\/mobilefutures.fi\\\/events\\\/mobile-futures-conference-re-imagining-integration-in-a-just-society\\\/#primaryimage\"},\"thumbnailUrl\":\"https:\\\/\\\/i0.wp.com\\\/mobilefutures.fi\\\/wp-content\\\/uploads\\\/2024\\\/04\\\/Conference_Reimagining_2024_SOME-7.png?fit=1200%2C675&ssl=1\",\"datePublished\":\"2024-02-06T06:49:30+00:00\",\"dateModified\":\"2024-05-20T06:19:52+00:00\",\"description\":\"Welcome to the Mobile Futures Conference, where we will explore innovative approaches to integration, shifting the focus from migrants to society as a whole. Join us in reshaping the future of integration and societal change!\",\"breadcrumb\":{\"@id\":\"https:\\\/\\\/mobilefutures.fi\\\/events\\\/mobile-futures-conference-re-imagining-integration-in-a-just-society\\\/#breadcrumb\"},\"inLanguage\":\"fi\",\"potentialAction\":[{\"@type\":\"ReadAction\",\"target\":[\"https:\\\/\\\/mobilefutures.fi\\\/events\\\/mobile-futures-conference-re-imagining-integration-in-a-just-society\\\/\"]}]},{\"@type\":\"ImageObject\",\"inLanguage\":\"fi\",\"@id\":\"https:\\\/\\\/mobilefutures.fi\\\/events\\\/mobile-futures-conference-re-imagining-integration-in-a-just-society\\\/#primaryimage\",\"url\":\"https:\\\/\\\/i0.wp.com\\\/mobilefutures.fi\\\/wp-content\\\/uploads\\\/2024\\\/04\\\/Conference_Reimagining_2024_SOME-7.png?fit=1200%2C675&ssl=1\",\"contentUrl\":\"https:\\\/\\\/i0.wp.com\\\/mobilefutures.fi\\\/wp-content\\\/uploads\\\/2024\\\/04\\\/Conference_Reimagining_2024_SOME-7.png?fit=1200%2C675&ssl=1\",\"width\":1200,\"height\":675},{\"@type\":\"BreadcrumbList\",\"@id\":\"https:\\\/\\\/mobilefutures.fi\\\/events\\\/mobile-futures-conference-re-imagining-integration-in-a-just-society\\\/#breadcrumb\",\"itemListElement\":[{\"@type\":\"ListItem\",\"position\":1,\"name\":\"Home\",\"item\":\"https:\\\/\\\/mobilefutures.fi\\\/\"},{\"@type\":\"ListItem\",\"position\":2,\"name\":\"Mobile Futures Conference: Re-imagining integration in a&nbsp;just\u00a0society\"}]},{\"@type\":\"WebSite\",\"@id\":\"https:\\\/\\\/mobilefutures.fi\\\/#website\",\"url\":\"https:\\\/\\\/mobilefutures.fi\\\/\",\"name\":\"Mobile Futures\",\"description\":\"Diversity, Trust and Two-Way Integration\",\"publisher\":{\"@id\":\"https:\\\/\\\/mobilefutures.fi\\\/#organization\"},\"potentialAction\":[{\"@type\":\"SearchAction\",\"target\":{\"@type\":\"EntryPoint\",\"urlTemplate\":\"https:\\\/\\\/mobilefutures.fi\\\/?s={search_term_string}\"},\"query-input\":{\"@type\":\"PropertyValueSpecification\",\"valueRequired\":true,\"valueName\":\"search_term_string\"}}],\"inLanguage\":\"fi\"},{\"@type\":\"Organization\",\"@id\":\"https:\\\/\\\/mobilefutures.fi\\\/#organization\",\"name\":\"Mobile Futures\",\"url\":\"https:\\\/\\\/mobilefutures.fi\\\/\",\"logo\":{\"@type\":\"ImageObject\",\"inLanguage\":\"fi\",\"@id\":\"https:\\\/\\\/mobilefutures.fi\\\/#\\\/schema\\\/logo\\\/image\\\/\",\"url\":\"https:\\\/\\\/i0.wp.com\\\/mobilefutures.fi\\\/wp-content\\\/uploads\\\/2022\\\/02\\\/Logo-black-1.png?fit=4383%2C2000&ssl=1\",\"contentUrl\":\"https:\\\/\\\/i0.wp.com\\\/mobilefutures.fi\\\/wp-content\\\/uploads\\\/2022\\\/02\\\/Logo-black-1.png?fit=4383%2C2000&ssl=1\",\"width\":4383,\"height\":2000,\"caption\":\"Mobile Futures\"},\"image\":{\"@id\":\"https:\\\/\\\/mobilefutures.fi\\\/#\\\/schema\\\/logo\\\/image\\\/\"},\"sameAs\":[\"https:\\\/\\\/www.facebook.com\\\/MobileFuturesFI\",\"https:\\\/\\\/x.com\\\/MobileFuturesFI\"]},{\"@type\":\"Person\",\"@id\":\"https:\\\/\\\/mobilefutures.fi\\\/#\\\/schema\\\/person\\\/24ce1a93b81664772102c36fe51ff958\",\"name\":\"mbilefutures\",\"image\":{\"@type\":\"ImageObject\",\"inLanguage\":\"fi\",\"@id\":\"https:\\\/\\\/secure.gravatar.com\\\/avatar\\\/776a939f94d2888df04ac6b79f0785650f4a4e1bf61fe226509adec0424ed7cd?s=96&d=identicon&r=g\",\"url\":\"https:\\\/\\\/secure.gravatar.com\\\/avatar\\\/776a939f94d2888df04ac6b79f0785650f4a4e1bf61fe226509adec0424ed7cd?s=96&d=identicon&r=g\",\"contentUrl\":\"https:\\\/\\\/secure.gravatar.com\\\/avatar\\\/776a939f94d2888df04ac6b79f0785650f4a4e1bf61fe226509adec0424ed7cd?s=96&d=identicon&r=g\",\"caption\":\"mbilefutures\"},\"sameAs\":[\"http:\\\/\\\/mobilefutures720100823.wordpress.com\"],\"url\":\"https:\\\/\\\/mobilefutures.fi\\\/fi\\\/author\\\/mbilefutures\\\/\"}]}<\/script>\n<!-- \/ Yoast SEO plugin. -->","yoast_head_json":{"title":"Mobile Futures Conference: Re-imagining integration in a just\u00a0society &#8211; Events Mobile Futures","description":"Tervetuloa Mobile Futures -konferenssiin, jossa tarkastelemme innovatiivisia l\u00e4hestymistapoja kotouttamiseen ja siirr\u00e4mme huomion maahanmuuttajista koko yhteiskuntaan. Tule mukaan muokkaamaan kotouttamisen ja yhteiskunnallisen muutoksen tulevaisuutta!","robots":{"index":"index","follow":"follow","max-snippet":"max-snippet:-1","max-image-preview":"max-image-preview:large","max-video-preview":"max-video-preview:-1"},"canonical":"https:\/\/mobilefutures.fi\/fi\/events\/mobile-futures-conference-re-imagining-integration-in-a-just-society\/","og_locale":"fi_FI","og_type":"article","og_title":"Mobile Futures Conference: Re-imagining integration in a just\u00a0society &#8211; Events Mobile Futures","og_description":"Welcome to the Mobile Futures Conference, where we will explore innovative approaches to integration, shifting the focus from migrants to society as a whole. Join us in reshaping the future of integration and societal change!","og_url":"https:\/\/mobilefutures.fi\/fi\/events\/mobile-futures-conference-re-imagining-integration-in-a-just-society\/","og_site_name":"Mobile Futures","article_publisher":"https:\/\/www.facebook.com\/MobileFuturesFI","article_published_time":"2024-02-06T06:49:30+00:00","article_modified_time":"2024-05-20T06:19:52+00:00","og_image":[{"width":1200,"height":675,"url":"https:\/\/mobilefutures.fi\/wp-content\/uploads\/2024\/04\/Conference_Reimagining_2024_SOME-7.png","type":"image\/png"}],"author":"mbilefutures","twitter_card":"summary_large_image","twitter_creator":"@MobileFuturesFI","twitter_site":"@MobileFuturesFI","twitter_misc":{"Kirjoittanut":"mbilefutures","Arvioitu lukuaika":"4 minuuttia"},"schema":{"@context":"https:\/\/schema.org","@graph":[{"@type":"Article","@id":"https:\/\/mobilefutures.fi\/events\/mobile-futures-conference-re-imagining-integration-in-a-just-society\/#article","isPartOf":{"@id":"https:\/\/mobilefutures.fi\/events\/mobile-futures-conference-re-imagining-integration-in-a-just-society\/"},"author":{"name":"mbilefutures","@id":"https:\/\/mobilefutures.fi\/#\/schema\/person\/24ce1a93b81664772102c36fe51ff958"},"headline":"Mobile Futures Conference: Re-imagining integration in a&nbsp;just\u00a0society","datePublished":"2024-02-06T06:49:30+00:00","dateModified":"2024-05-20T06:19:52+00:00","mainEntityOfPage":{"@id":"https:\/\/mobilefutures.fi\/events\/mobile-futures-conference-re-imagining-integration-in-a-just-society\/"},"wordCount":786,"publisher":{"@id":"https:\/\/mobilefutures.fi\/#organization"},"image":{"@id":"https:\/\/mobilefutures.fi\/events\/mobile-futures-conference-re-imagining-integration-in-a-just-society\/#primaryimage"},"thumbnailUrl":"https:\/\/i0.wp.com\/mobilefutures.fi\/wp-content\/uploads\/2024\/04\/Conference_Reimagining_2024_SOME-7.png?fit=1200%2C675&ssl=1","keywords":["Conference","integration","Mobile Futures"],"articleSection":["Events"],"inLanguage":"fi"},{"@type":"WebPage","@id":"https:\/\/mobilefutures.fi\/events\/mobile-futures-conference-re-imagining-integration-in-a-just-society\/","url":"https:\/\/mobilefutures.fi\/events\/mobile-futures-conference-re-imagining-integration-in-a-just-society\/","name":"Mobile Futures Conference: Re-imagining integration in a just\u00a0society &#8211; Events Mobile Futures","isPartOf":{"@id":"https:\/\/mobilefutures.fi\/#website"},"primaryImageOfPage":{"@id":"https:\/\/mobilefutures.fi\/events\/mobile-futures-conference-re-imagining-integration-in-a-just-society\/#primaryimage"},"image":{"@id":"https:\/\/mobilefutures.fi\/events\/mobile-futures-conference-re-imagining-integration-in-a-just-society\/#primaryimage"},"thumbnailUrl":"https:\/\/i0.wp.com\/mobilefutures.fi\/wp-content\/uploads\/2024\/04\/Conference_Reimagining_2024_SOME-7.png?fit=1200%2C675&ssl=1","datePublished":"2024-02-06T06:49:30+00:00","dateModified":"2024-05-20T06:19:52+00:00","description":"Tervetuloa Mobile Futures -konferenssiin, jossa tarkastelemme innovatiivisia l\u00e4hestymistapoja kotouttamiseen ja siirr\u00e4mme huomion maahanmuuttajista koko yhteiskuntaan. Tule mukaan muokkaamaan kotouttamisen ja yhteiskunnallisen muutoksen tulevaisuutta!","breadcrumb":{"@id":"https:\/\/mobilefutures.fi\/events\/mobile-futures-conference-re-imagining-integration-in-a-just-society\/#breadcrumb"},"inLanguage":"fi","potentialAction":[{"@type":"ReadAction","target":["https:\/\/mobilefutures.fi\/events\/mobile-futures-conference-re-imagining-integration-in-a-just-society\/"]}]},{"@type":"ImageObject","inLanguage":"fi","@id":"https:\/\/mobilefutures.fi\/events\/mobile-futures-conference-re-imagining-integration-in-a-just-society\/#primaryimage","url":"https:\/\/i0.wp.com\/mobilefutures.fi\/wp-content\/uploads\/2024\/04\/Conference_Reimagining_2024_SOME-7.png?fit=1200%2C675&ssl=1","contentUrl":"https:\/\/i0.wp.com\/mobilefutures.fi\/wp-content\/uploads\/2024\/04\/Conference_Reimagining_2024_SOME-7.png?fit=1200%2C675&ssl=1","width":1200,"height":675},{"@type":"BreadcrumbList","@id":"https:\/\/mobilefutures.fi\/events\/mobile-futures-conference-re-imagining-integration-in-a-just-society\/#breadcrumb","itemListElement":[{"@type":"ListItem","position":1,"name":"Home","item":"https:\/\/mobilefutures.fi\/"},{"@type":"ListItem","position":2,"name":"Mobile Futures Conference: Re-imagining integration in a&nbsp;just\u00a0society"}]},{"@type":"WebSite","@id":"https:\/\/mobilefutures.fi\/#website","url":"https:\/\/mobilefutures.fi\/","name":"Mobile Futures","description":"Monimuotoisuus, luottamus ja kaksisuuntainen integraatio","publisher":{"@id":"https:\/\/mobilefutures.fi\/#organization"},"potentialAction":[{"@type":"SearchAction","target":{"@type":"EntryPoint","urlTemplate":"https:\/\/mobilefutures.fi\/?s={search_term_string}"},"query-input":{"@type":"PropertyValueSpecification","valueRequired":true,"valueName":"search_term_string"}}],"inLanguage":"fi"},{"@type":"Organization","@id":"https:\/\/mobilefutures.fi\/#organization","name":"Mobile Futures","url":"https:\/\/mobilefutures.fi\/","logo":{"@type":"ImageObject","inLanguage":"fi","@id":"https:\/\/mobilefutures.fi\/#\/schema\/logo\/image\/","url":"https:\/\/i0.wp.com\/mobilefutures.fi\/wp-content\/uploads\/2022\/02\/Logo-black-1.png?fit=4383%2C2000&ssl=1","contentUrl":"https:\/\/i0.wp.com\/mobilefutures.fi\/wp-content\/uploads\/2022\/02\/Logo-black-1.png?fit=4383%2C2000&ssl=1","width":4383,"height":2000,"caption":"Mobile Futures"},"image":{"@id":"https:\/\/mobilefutures.fi\/#\/schema\/logo\/image\/"},"sameAs":["https:\/\/www.facebook.com\/MobileFuturesFI","https:\/\/x.com\/MobileFuturesFI"]},{"@type":"Person","@id":"https:\/\/mobilefutures.fi\/#\/schema\/person\/24ce1a93b81664772102c36fe51ff958","name":"mbilefutures","image":{"@type":"ImageObject","inLanguage":"fi","@id":"https:\/\/secure.gravatar.com\/avatar\/776a939f94d2888df04ac6b79f0785650f4a4e1bf61fe226509adec0424ed7cd?s=96&d=identicon&r=g","url":"https:\/\/secure.gravatar.com\/avatar\/776a939f94d2888df04ac6b79f0785650f4a4e1bf61fe226509adec0424ed7cd?s=96&d=identicon&r=g","contentUrl":"https:\/\/secure.gravatar.com\/avatar\/776a939f94d2888df04ac6b79f0785650f4a4e1bf61fe226509adec0424ed7cd?s=96&d=identicon&r=g","caption":"mbilefutures"},"sameAs":["http:\/\/mobilefutures720100823.wordpress.com"],"url":"https:\/\/mobilefutures.fi\/fi\/author\/mbilefutures\/"}]}},"jetpack_publicize_connections":[],"jetpack_likes_enabled":false,"jetpack_sharing_enabled":true,"jetpack_shortlink":"https:\/\/wp.me\/pdClTx-Ud","jetpack_featured_media_url":"https:\/\/i0.wp.com\/mobilefutures.fi\/wp-content\/uploads\/2024\/04\/Conference_Reimagining_2024_SOME-7.png?fit=1200%2C675&ssl=1","_links":{"self":[{"href":"https:\/\/mobilefutures.fi\/fi\/wp-json\/wp\/v2\/posts\/3485","targetHints":{"allow":["GET"]}}],"collection":[{"href":"https:\/\/mobilefutures.fi\/fi\/wp-json\/wp\/v2\/posts"}],"about":[{"href":"https:\/\/mobilefutures.fi\/fi\/wp-json\/wp\/v2\/types\/post"}],"author":[{"embeddable":true,"href":"https:\/\/mobilefutures.fi\/fi\/wp-json\/wp\/v2\/users\/215458246"}],"replies":[{"embeddable":true,"href":"https:\/\/mobilefutures.fi\/fi\/wp-json\/wp\/v2\/comments?post=3485"}],"version-history":[{"count":79,"href":"https:\/\/mobilefutures.fi\/fi\/wp-json\/wp\/v2\/posts\/3485\/revisions"}],"predecessor-version":[{"id":3903,"href":"https:\/\/mobilefutures.fi\/fi\/wp-json\/wp\/v2\/posts\/3485\/revisions\/3903"}],"wp:featuredmedia":[{"embeddable":true,"href":"https:\/\/mobilefutures.fi\/fi\/wp-json\/wp\/v2\/media\/3728"}],"wp:attachment":[{"href":"https:\/\/mobilefutures.fi\/fi\/wp-json\/wp\/v2\/media?parent=3485"}],"wp:term":[{"taxonomy":"category","embeddable":true,"href":"https:\/\/mobilefutures.fi\/fi\/wp-json\/wp\/v2\/categories?post=3485"},{"taxonomy":"post_tag","embeddable":true,"href":"https:\/\/mobilefutures.fi\/fi\/wp-json\/wp\/v2\/tags?post=3485"}],"curies":[{"name":"wp","href":"https:\/\/api.w.org\/{rel}","templated":true}]}}