{"id":5374,"date":"2025-10-10T10:28:13","date_gmt":"2025-10-10T07:28:13","guid":{"rendered":"https:\/\/mobilefutures.fi\/?p=5374"},"modified":"2025-10-10T10:28:14","modified_gmt":"2025-10-10T07:28:14","slug":"rolling-back-rights-at-europes-borders-how-the-ecthr-is-shifting-its-core-values","status":"publish","type":"post","link":"https:\/\/mobilefutures.fi\/fi\/blog\/rolling-back-rights-at-europes-borders-how-the-ecthr-is-shifting-its-core-values\/","title":{"rendered":"Rolling Back Rights at Europe\u2019s Borders: How the ECtHR Is Shifting Its Core&nbsp;Values"},"content":{"rendered":"<p class=\"wp-block-paragraph\">02.10.2025 <a href=\"https:\/\/mobilefutures.fi\/fi\/contact\/magdalena-kmak\/\">Magdalena Kmak,<\/a> ja\u00a0<a href=\"http:\/\/orcid.org\/0000-0003-2306-1140\">Witold Klaus<\/a><\/p>\n\n\n\n<p class=\"wp-block-paragraph\">The text is co-published on the&nbsp;<a href=\"https:\/\/talkingrights.org\/2025\/10\/02\/rolling-back-protection\/\">T\u00e5lking Rights a blog powered by the Insitute for Human Rights at \u00c5bo Akademi University<\/a>.<\/p>\n\n\n\n<p class=\"wp-block-paragraph\">In recent years, the European Court of Human Rights (ECtHR) has faced mounting pressure from the Council of Europe Member States to recalibrate its approach to migration and border control. Just in May 2025, nine Council of Europe member states<a href=\"https:\/\/www.governo.it\/sites\/governo.it\/files\/Lettera_aperta_22052025.pdf\">&nbsp;<\/a><a href=\"https:\/\/www.governo.it\/sites\/governo.it\/files\/Lettera_aperta_22052025.pdf\">signed a letter<\/a>&nbsp;urging the ECtHR to prioritize in its jurisprudence countries\u2019 security over the rights of the people on the move.<\/p>\n\n\n\n<p class=\"wp-block-paragraph\"><a href=\"https:\/\/www.tandfonline.com\/doi\/full\/10.1080\/13642987.2025.2552950?af=R\">In a recently published article<\/a>&nbsp;analysing judgments issued by the ECtHR in so-called pushback cases, we argue that the Court is increasingly accommodating political shifts and pressures to prioritize state sovereignty over individual rights. This leads to weakening the protection of claimants against practices of collective expulsion, resulting in (1) lowering the standards of protection of people on the move; (2) shifting the emphasis from human rights protection at the border towards protection of the border itself; and (3) limiting human rights protection of certain groups. These changes also result in reshaping ECtHR\u2019s foundational mandate to ensure the fundamental rights enshrined in the European Convention on Human Rights (ECHR). In this blog post, we discuss the politicization of the ECtHR and show the most recent examples of increased pressure on the Court to roll back the human rights of migrants.<\/p>\n\n\n\n<h5 class=\"wp-block-heading\"><strong>Prohibition of Collective Expulsion<\/strong><\/h5>\n\n\n\n<p class=\"wp-block-paragraph\">Under the ECHR, the protection from pushbacks\u2014practices of summarily forcing back people crossing or attempting to cross the international border without an individual assessment of their human rights protection needs\u2014is based on Article 4 of the Protocol No 4 prohibiting collective expulsion. In its landmark ruling in&nbsp;<a href=\"https:\/\/hudoc.echr.coe.int\/fre#%7B%22itemid%22:%5B%22001-109231%22%5D%7D\"><em>Hirsi Jamaa and Others v. Italy<\/em><\/a><a href=\"https:\/\/hudoc.echr.coe.int\/fre#%7B%22itemid%22:%5B%22001-109231%22%5D%7D\">&nbsp;<\/a>(2012), the ECtHR affirmed that states exercising control over migrants\u2014even in international waters\u2014must uphold the ECHR. In consequence, people rescued by a vessel at sea cannot be transferred or pushed back to any country that is known for violating human rights or ill-treating people on the move.<\/p>\n\n\n\n<p class=\"wp-block-paragraph\">However, this protection standard has been steadily eroded. The turning point came with&nbsp;<a href=\"https:\/\/hudoc.echr.coe.int\/fre#%7B%22itemid%22:%5B%22001-201353%22%5D%7D\"><em>N.D. &amp; N.T. v. Spain<\/em><\/a>&nbsp;(2020), where the Grand Chamber of the ECtHR introduced the concept of \u2018own culpable conduct.\u2019 People on the move who crossed borders irregularly or in large groups were deemed to have given up their right to protection from collective expulsion. This marked a significant departure from earlier rulings, where only one\u2019s own conduct during expulsion procedures was considered relevant. Now, even pre-border behavior can disqualify individuals from legal safeguards.<\/p>\n\n\n\n<h5 class=\"wp-block-heading\"><strong>Judicial Restraint and Political Pressure<\/strong><\/h5>\n\n\n\n<p class=\"wp-block-paragraph\">Political pressure from Member States has played a role in these developments.<a href=\"https:\/\/journals.sagepub.com\/doi\/10.1177\/0964663907079767\">&nbsp;<\/a><a href=\"https:\/\/journals.sagepub.com\/doi\/10.1177\/0964663907079767\">Existing research<\/a>&nbsp;supports the argument that courts are responsive to policies or desires of society, and while adjudicating, they strive to satisfy numerous expectations and audiences. For international courts, the most significant actors are state governments. Judges give them a lot of attention to make sure that the legitimacy of the Court is sustained and that governments will support the Court itself and implement its judgments.<a href=\"https:\/\/www.cambridge.org\/core\/journals\/german-law-journal\/article\/electing-team-strasbourg-professional-diversity-on-the-european-court-of-human-rights-and-why-it-matters\/AFC3FFF6C474DBA48EBBD65803A2B413\">&nbsp;<\/a><a href=\"https:\/\/www.cambridge.org\/core\/journals\/german-law-journal\/article\/electing-team-strasbourg-professional-diversity-on-the-european-court-of-human-rights-and-why-it-matters\/AFC3FFF6C474DBA48EBBD65803A2B413\">Interviews with ECtHR judges<\/a>&nbsp;reveal their awareness of geopolitical consequences. Judges acknowledge the need to \u2018connect practice to the people\u2019 and to understand the \u2018difficulties that the state can encounter.\u2019 On the other hand, during the adjudicating process, judges themselves are affected by their personal values when exercising their discretion.<\/p>\n\n\n\n<p class=\"wp-block-paragraph\">States take advantage of the responsiveness and positionality of the judges through increased pressure on the ECtHR and by nominating more conservative judges to the Court. The latter has been recently called for by the<a href=\"https:\/\/www.euractiv.com\/news\/a-belgian-playbook-to-challenge-europes-courts-on-migration\/\">&nbsp;<\/a><a href=\"https:\/\/www.euractiv.com\/news\/a-belgian-playbook-to-challenge-europes-courts-on-migration\/\">former president of the Belgian Constitutional Court, Marc Bossuyt<\/a>, who, addressing concerns of several EU member states related to migration and asylum, has urged European governments to nominate more conservative judges to the ECtHR and to update asylum rules. In a striking criticism of the apparently too high reception standards for asylum applicants as set up by courts, Bossuyt has compared these standards to whipping. \u2018A lack of decent reception for asylum seekers is clearly not of the same order as whipping. In none of the EU Member States, there is a real risk that asylum seekers will be whipped\u2019.<\/p>\n\n\n\n<p class=\"wp-block-paragraph\">This rhetoric is very concerning, not only because it urges the Court to significantly lower the existing standards of protection of the people on the move, or because it comes from a former high-level judge. Most importantly, this rhetoric openly and dangerously positions people on the move as inferior in their dignity, justifying their differential treatment. In our opinion, such an argument would have never been presented if the issue were concerning Belgian or other EU citizens. This exposes the xenophobic shift in the perception of the judiciary.<\/p>\n\n\n\n<h5 class=\"wp-block-heading\"><strong>Conclusion<\/strong><\/h5>\n\n\n\n<p class=\"wp-block-paragraph\">The ECtHR\u2019s shift from a mandate to protect individual human rights to one that foregrounds state sovereignty reflects a broader trend of securitization of migration and an increased tendency to<a href=\"https:\/\/www.tandfonline.com\/doi\/full\/10.1080\/14650045.2024.2339894\">&nbsp;<\/a><a href=\"https:\/\/www.tandfonline.com\/doi\/full\/10.1080\/14650045.2024.2339894\">inflict harm<\/a>&nbsp;on the people on the move. Many states not only put open\u2014like in the letter quoted above\u2014or more subtle\u2014in governments\u2019 opinions presented to adjudicating cases\u2014pressure on the Court but also seem to be willing to ground more and more openly<a href=\"https:\/\/papers.ssrn.com\/sol3\/papers.cfm?abstract_id=4491601\">&nbsp;<\/a><a href=\"https:\/\/papers.ssrn.com\/sol3\/papers.cfm?abstract_id=4491601\">their own practices in their domestic rather than international law<\/a>. This happens notwithstanding whether the ECtHR responds positively or negatively to their political preferences.<\/p>\n\n\n\n<p class=\"wp-block-paragraph\">There is a danger that ECtHR, through its jurisprudence, will not only diminish the protection of certain groups of persons but it will also diminish the role of human rights as such and, in consequence, its own legitimacy. With multiple pending cases and increasing political pressure, the ECtHR faces difficult choices. We acknowledge the complexity of the Court\u2019s position and the Court\u2019s decisions as well as the differences between the lower sections of the Court and the Grand Chamber, which have been particularly visible in the N.D. &amp; N.T. case. The challenge is to reaffirm the commitment to human rights without alienating member states or triggering withdrawals from the ECHR.<\/p>\n\n\n\n<hr class=\"wp-block-separator has-alpha-channel-opacity\"\/>\n\n\n\n<p class=\"wp-block-paragraph\"><strong><a href=\"http:\/\/orcid.org\/0000-0002-1934-7691\">Magdalena Kmak,<\/a><\/strong>\u00a0is a professor of Public International Law, with a specialisation in Migration and Minority Research, at \u00c5bo Akademi University. Magdalena received her PhD in 2009 from the Institute of Law Studies, Polish Academy of Sciences. She holds the title of Docent in law and globalisation (University of Helsinki). Her research interests encompass mobility, migration and exile studies, public international law, human rights and international and European refugee and migration law.\u00a0Magdalena is a PI and Consortium Director in the project \u2018Diversity, Trust and Two-Way Integration (Mobile Futures)\u2019 funded by the Strategic Research Council established within the Research Council of Finland (2021\u20132027). She is also co-founder of the Nordic Network on Climate Related Displacement and Mobility.<\/p>\n\n\n\n<p class=\"wp-block-paragraph\"><strong><a href=\"http:\/\/orcid.org\/0000-0003-2306-1140\">Witold Klaus<\/a><\/strong>\u00a0is a professor at the Institute of Law Studies, Polish Academy of Sciences (head of the Department of Criminology and of the Migration Law Research Centre) and a research fellow at the Centre of Migration Research at the University of Warsaw. He serves as editor-in-chief of the oldest Polish criminological journal, \u2018Archiwum Kryminologii\u2019 (Archives of Criminology). He has held scholarships from: the British Academy (UK), the Max Planck Institute, Bielefeld University (both Germany) and the US government. His main areas of academic interest include refugee and immigrant rights, deportation studies, crimmigration, victimology and the victimisation of marginalised groups in society. He is a member of European Society of Criminology where he co-leads the Working Group of Immigration, Crime &amp; Citizenship.<\/p>\n\n\n\n<hr class=\"wp-block-separator has-alpha-channel-opacity\"\/>\n\n\n\n<p class=\"wp-block-paragraph\"><em>The Mobile Futures blog explores different themes as well as methodologies connected to our research. It is authored by our researchers and collaborators, and published in different languages. If you would like to collaborate with us don\u2019t hesitate to reach out on hello@mobilefutures.fi<\/em><\/p>\n\n\n\n<p class=\"wp-block-paragraph\"><em>Mobile Futures -blogissa tarkastellaan eri teemoja ja tutkimukseen liittyvi\u00e4 menetelmi\u00e4. Blogia kirjoittavat tutkijamme ja yhteisty\u00f6kumppanimme, ja se julkaistaan eri kielill\u00e4. Jos haluat tehd\u00e4 yhteisty\u00f6t\u00e4 kanssamme, ota rohkeasti yhteytt\u00e4 osoitteeseen hello@mobilefutures.fi.<\/em><\/p>\n\n\n\n<p class=\"wp-block-paragraph\"><em>Mobile Futures-bloggen utforskar olika teman och metoder som \u00e4r kopplade till v\u00e5r forskning. Den skrivs av v\u00e5ra forskare och samarbetspartners och publiceras p\u00e5 olika spr\u00e5k. Om du vill samarbeta med oss, tveka inte att ta kontakt p\u00e5 hello@mobilefutures.fi.<\/em><\/p>","protected":false},"excerpt":{"rendered":"<p>02.10.2025 Magdalena Kmak and\u00a0Witold Klaus The text is co-published on the&nbsp;T\u00e5lking Rights a blog powered by the Insitute for Human Rights at \u00c5bo Akademi University. In recent years, the European Court of Human Rights (ECtHR) has faced mounting pressure from the Council of Europe Member States to recalibrate its approach to migration and border control. [&hellip;]<\/p>\n","protected":false},"author":215458252,"featured_media":5422,"comment_status":"closed","ping_status":"closed","sticky":false,"template":"","format":"standard","meta":{"_crdt_document":"","inline_featured_image":false,"_jetpack_newsletter_access":"","_jetpack_dont_email_post_to_subs":true,"_jetpack_newsletter_tier_id":0,"_jetpack_memberships_contains_paywalled_content":false,"_jetpack_memberships_contains_paid_content":false,"footnotes":"","jetpack_publicize_message":"","jetpack_publicize_feature_enabled":true,"jetpack_social_post_already_shared":true,"jetpack_social_options":{"image_generator_settings":{"template":"highway","default_image_id":0,"font":"","enabled":false},"version":2},"_wpas_customize_per_network":false,"jetpack_post_was_ever_published":false},"categories":[1394],"tags":[1544,1541,1542,1395,1543],"class_list":["post-5374","post","type-post","status-publish","format-standard","has-post-thumbnail","hentry","category-blog","tag-core-values","tag-ecthr","tag-european-convention-on-human-rights","tag-mobile-futures","tag-securitization"],"yoast_head":"<!-- This site is optimized with the Yoast SEO plugin v27.5 - https:\/\/yoast.com\/product\/yoast-seo-wordpress\/ -->\n<title>Rolling Back Rights at Europe\u2019s Borders: How the ECtHR Is Shifting Its Core Values &#8211; Blog Mobile Futures<\/title>\n<meta name=\"description\" content=\"02.10.2025 Magdalena Kmak and\u00a0Witold Klaus The text is co-published on the&nbsp;T\u00e5lking Rights a blog powered by the Insitute for Human Rights at \u00c5bo\" \/>\n<meta name=\"robots\" content=\"index, follow, max-snippet:-1, max-image-preview:large, max-video-preview:-1\" \/>\n<link rel=\"canonical\" href=\"https:\/\/mobilefutures.fi\/fi\/blog\/rolling-back-rights-at-europes-borders-how-the-ecthr-is-shifting-its-core-values\/\" \/>\n<meta property=\"og:locale\" content=\"fi_FI\" \/>\n<meta property=\"og:type\" content=\"article\" \/>\n<meta property=\"og:title\" content=\"Rolling Back Rights at Europe\u2019s Borders: How the ECtHR Is Shifting Its Core Values &#8211; Blog Mobile Futures\" \/>\n<meta property=\"og:description\" content=\"02.10.2025 Magdalena Kmak and\u00a0Witold Klaus The text is co-published on the&nbsp;T\u00e5lking Rights a blog powered by the Insitute for Human Rights at \u00c5bo\" \/>\n<meta property=\"og:url\" content=\"https:\/\/mobilefutures.fi\/fi\/blog\/rolling-back-rights-at-europes-borders-how-the-ecthr-is-shifting-its-core-values\/\" \/>\n<meta property=\"og:site_name\" content=\"Mobile Futures\" \/>\n<meta property=\"article:publisher\" content=\"https:\/\/www.facebook.com\/MobileFuturesFI\" \/>\n<meta property=\"article:published_time\" content=\"2025-10-10T07:28:13+00:00\" \/>\n<meta property=\"article:modified_time\" content=\"2025-10-10T07:28:14+00:00\" \/>\n<meta property=\"og:image\" content=\"https:\/\/mobilefutures.fi\/wp-content\/uploads\/2025\/10\/ECtHR.png\" \/>\n\t<meta property=\"og:image:width\" content=\"1200\" \/>\n\t<meta property=\"og:image:height\" content=\"630\" \/>\n\t<meta property=\"og:image:type\" content=\"image\/png\" \/>\n<meta name=\"author\" content=\"lindakarvonen\" \/>\n<meta name=\"twitter:card\" content=\"summary_large_image\" \/>\n<meta name=\"twitter:creator\" content=\"@MobileFuturesFI\" \/>\n<meta name=\"twitter:site\" content=\"@MobileFuturesFI\" \/>\n<meta name=\"twitter:label1\" content=\"Kirjoittanut\" \/>\n\t<meta name=\"twitter:data1\" content=\"lindakarvonen\" \/>\n\t<meta name=\"twitter:label2\" content=\"Arvioitu lukuaika\" \/>\n\t<meta name=\"twitter:data2\" content=\"7 minuuttia\" \/>\n<script type=\"application\/ld+json\" class=\"yoast-schema-graph\">{\"@context\":\"https:\\\/\\\/schema.org\",\"@graph\":[{\"@type\":\"Article\",\"@id\":\"https:\\\/\\\/mobilefutures.fi\\\/blog\\\/rolling-back-rights-at-europes-borders-how-the-ecthr-is-shifting-its-core-values\\\/#article\",\"isPartOf\":{\"@id\":\"https:\\\/\\\/mobilefutures.fi\\\/blog\\\/rolling-back-rights-at-europes-borders-how-the-ecthr-is-shifting-its-core-values\\\/\"},\"author\":{\"name\":\"lindakarvonen\",\"@id\":\"https:\\\/\\\/mobilefutures.fi\\\/#\\\/schema\\\/person\\\/da216eccefc10cf37bd999803e63714f\"},\"headline\":\"Rolling Back Rights at Europe\u2019s Borders: How the ECtHR Is Shifting Its Core&nbsp;Values\",\"datePublished\":\"2025-10-10T07:28:13+00:00\",\"dateModified\":\"2025-10-10T07:28:14+00:00\",\"mainEntityOfPage\":{\"@id\":\"https:\\\/\\\/mobilefutures.fi\\\/blog\\\/rolling-back-rights-at-europes-borders-how-the-ecthr-is-shifting-its-core-values\\\/\"},\"wordCount\":1383,\"publisher\":{\"@id\":\"https:\\\/\\\/mobilefutures.fi\\\/#organization\"},\"image\":{\"@id\":\"https:\\\/\\\/mobilefutures.fi\\\/blog\\\/rolling-back-rights-at-europes-borders-how-the-ecthr-is-shifting-its-core-values\\\/#primaryimage\"},\"thumbnailUrl\":\"https:\\\/\\\/i0.wp.com\\\/mobilefutures.fi\\\/wp-content\\\/uploads\\\/2025\\\/10\\\/ECtHR.png?fit=1200%2C630&ssl=1\",\"keywords\":[\"Core values\",\"ECtHR\",\"European convention on human rights\",\"Mobile Futures\",\"Securitization\"],\"articleSection\":[\"Blog\"],\"inLanguage\":\"fi\"},{\"@type\":\"WebPage\",\"@id\":\"https:\\\/\\\/mobilefutures.fi\\\/blog\\\/rolling-back-rights-at-europes-borders-how-the-ecthr-is-shifting-its-core-values\\\/\",\"url\":\"https:\\\/\\\/mobilefutures.fi\\\/blog\\\/rolling-back-rights-at-europes-borders-how-the-ecthr-is-shifting-its-core-values\\\/\",\"name\":\"Rolling Back Rights at Europe\u2019s Borders: How the ECtHR Is Shifting Its Core Values &#8211; Blog Mobile Futures\",\"isPartOf\":{\"@id\":\"https:\\\/\\\/mobilefutures.fi\\\/#website\"},\"primaryImageOfPage\":{\"@id\":\"https:\\\/\\\/mobilefutures.fi\\\/blog\\\/rolling-back-rights-at-europes-borders-how-the-ecthr-is-shifting-its-core-values\\\/#primaryimage\"},\"image\":{\"@id\":\"https:\\\/\\\/mobilefutures.fi\\\/blog\\\/rolling-back-rights-at-europes-borders-how-the-ecthr-is-shifting-its-core-values\\\/#primaryimage\"},\"thumbnailUrl\":\"https:\\\/\\\/i0.wp.com\\\/mobilefutures.fi\\\/wp-content\\\/uploads\\\/2025\\\/10\\\/ECtHR.png?fit=1200%2C630&ssl=1\",\"datePublished\":\"2025-10-10T07:28:13+00:00\",\"dateModified\":\"2025-10-10T07:28:14+00:00\",\"description\":\"02.10.2025 Magdalena Kmak and\u00a0Witold Klaus The text is co-published on the&nbsp;T\u00e5lking Rights a blog powered by the Insitute for Human Rights at \u00c5bo\",\"breadcrumb\":{\"@id\":\"https:\\\/\\\/mobilefutures.fi\\\/blog\\\/rolling-back-rights-at-europes-borders-how-the-ecthr-is-shifting-its-core-values\\\/#breadcrumb\"},\"inLanguage\":\"fi\",\"potentialAction\":[{\"@type\":\"ReadAction\",\"target\":[\"https:\\\/\\\/mobilefutures.fi\\\/blog\\\/rolling-back-rights-at-europes-borders-how-the-ecthr-is-shifting-its-core-values\\\/\"]}]},{\"@type\":\"ImageObject\",\"inLanguage\":\"fi\",\"@id\":\"https:\\\/\\\/mobilefutures.fi\\\/blog\\\/rolling-back-rights-at-europes-borders-how-the-ecthr-is-shifting-its-core-values\\\/#primaryimage\",\"url\":\"https:\\\/\\\/i0.wp.com\\\/mobilefutures.fi\\\/wp-content\\\/uploads\\\/2025\\\/10\\\/ECtHR.png?fit=1200%2C630&ssl=1\",\"contentUrl\":\"https:\\\/\\\/i0.wp.com\\\/mobilefutures.fi\\\/wp-content\\\/uploads\\\/2025\\\/10\\\/ECtHR.png?fit=1200%2C630&ssl=1\",\"width\":1200,\"height\":630,\"caption\":\"Picture of the European Court of Human Rights from the outside and the logo for Mobile Futures blog.\"},{\"@type\":\"BreadcrumbList\",\"@id\":\"https:\\\/\\\/mobilefutures.fi\\\/blog\\\/rolling-back-rights-at-europes-borders-how-the-ecthr-is-shifting-its-core-values\\\/#breadcrumb\",\"itemListElement\":[{\"@type\":\"ListItem\",\"position\":1,\"name\":\"Home\",\"item\":\"https:\\\/\\\/mobilefutures.fi\\\/\"},{\"@type\":\"ListItem\",\"position\":2,\"name\":\"Rolling Back Rights at Europe\u2019s Borders: How the ECtHR Is Shifting Its Core&nbsp;Values\"}]},{\"@type\":\"WebSite\",\"@id\":\"https:\\\/\\\/mobilefutures.fi\\\/#website\",\"url\":\"https:\\\/\\\/mobilefutures.fi\\\/\",\"name\":\"Mobile Futures\",\"description\":\"Diversity, Trust and Two-Way Integration\",\"publisher\":{\"@id\":\"https:\\\/\\\/mobilefutures.fi\\\/#organization\"},\"potentialAction\":[{\"@type\":\"SearchAction\",\"target\":{\"@type\":\"EntryPoint\",\"urlTemplate\":\"https:\\\/\\\/mobilefutures.fi\\\/?s={search_term_string}\"},\"query-input\":{\"@type\":\"PropertyValueSpecification\",\"valueRequired\":true,\"valueName\":\"search_term_string\"}}],\"inLanguage\":\"fi\"},{\"@type\":\"Organization\",\"@id\":\"https:\\\/\\\/mobilefutures.fi\\\/#organization\",\"name\":\"Mobile Futures\",\"url\":\"https:\\\/\\\/mobilefutures.fi\\\/\",\"logo\":{\"@type\":\"ImageObject\",\"inLanguage\":\"fi\",\"@id\":\"https:\\\/\\\/mobilefutures.fi\\\/#\\\/schema\\\/logo\\\/image\\\/\",\"url\":\"https:\\\/\\\/i0.wp.com\\\/mobilefutures.fi\\\/wp-content\\\/uploads\\\/2022\\\/02\\\/Logo-black-1.png?fit=4383%2C2000&ssl=1\",\"contentUrl\":\"https:\\\/\\\/i0.wp.com\\\/mobilefutures.fi\\\/wp-content\\\/uploads\\\/2022\\\/02\\\/Logo-black-1.png?fit=4383%2C2000&ssl=1\",\"width\":4383,\"height\":2000,\"caption\":\"Mobile Futures\"},\"image\":{\"@id\":\"https:\\\/\\\/mobilefutures.fi\\\/#\\\/schema\\\/logo\\\/image\\\/\"},\"sameAs\":[\"https:\\\/\\\/www.facebook.com\\\/MobileFuturesFI\",\"https:\\\/\\\/x.com\\\/MobileFuturesFI\"]},{\"@type\":\"Person\",\"@id\":\"https:\\\/\\\/mobilefutures.fi\\\/#\\\/schema\\\/person\\\/da216eccefc10cf37bd999803e63714f\",\"name\":\"lindakarvonen\",\"image\":{\"@type\":\"ImageObject\",\"inLanguage\":\"fi\",\"@id\":\"https:\\\/\\\/secure.gravatar.com\\\/avatar\\\/2cfe195acc3895c93158bf6667381ae5ee5c17c046fd220ed537c24137c415b2?s=96&d=identicon&r=g\",\"url\":\"https:\\\/\\\/secure.gravatar.com\\\/avatar\\\/2cfe195acc3895c93158bf6667381ae5ee5c17c046fd220ed537c24137c415b2?s=96&d=identicon&r=g\",\"contentUrl\":\"https:\\\/\\\/secure.gravatar.com\\\/avatar\\\/2cfe195acc3895c93158bf6667381ae5ee5c17c046fd220ed537c24137c415b2?s=96&d=identicon&r=g\",\"caption\":\"lindakarvonen\"},\"url\":\"https:\\\/\\\/mobilefutures.fi\\\/fi\\\/author\\\/lindakarvonen\\\/\"}]}<\/script>\n<!-- \/ Yoast SEO plugin. -->","yoast_head_json":{"title":"Rolling Back Rights at Europe\u2019s Borders: How the ECtHR Is Shifting Its Core Values &#8211; Blog Mobile Futures","description":"02.10.2025 Magdalena Kmak and\u00a0Witold Klaus The text is co-published on the&nbsp;T\u00e5lking Rights a blog powered by the Insitute for Human Rights at \u00c5bo","robots":{"index":"index","follow":"follow","max-snippet":"max-snippet:-1","max-image-preview":"max-image-preview:large","max-video-preview":"max-video-preview:-1"},"canonical":"https:\/\/mobilefutures.fi\/fi\/blog\/rolling-back-rights-at-europes-borders-how-the-ecthr-is-shifting-its-core-values\/","og_locale":"fi_FI","og_type":"article","og_title":"Rolling Back Rights at Europe\u2019s Borders: How the ECtHR Is Shifting Its Core Values &#8211; Blog Mobile Futures","og_description":"02.10.2025 Magdalena Kmak and\u00a0Witold Klaus The text is co-published on the&nbsp;T\u00e5lking Rights a blog powered by the Insitute for Human Rights at \u00c5bo","og_url":"https:\/\/mobilefutures.fi\/fi\/blog\/rolling-back-rights-at-europes-borders-how-the-ecthr-is-shifting-its-core-values\/","og_site_name":"Mobile Futures","article_publisher":"https:\/\/www.facebook.com\/MobileFuturesFI","article_published_time":"2025-10-10T07:28:13+00:00","article_modified_time":"2025-10-10T07:28:14+00:00","og_image":[{"width":1200,"height":630,"url":"https:\/\/mobilefutures.fi\/wp-content\/uploads\/2025\/10\/ECtHR.png","type":"image\/png"}],"author":"lindakarvonen","twitter_card":"summary_large_image","twitter_creator":"@MobileFuturesFI","twitter_site":"@MobileFuturesFI","twitter_misc":{"Kirjoittanut":"lindakarvonen","Arvioitu lukuaika":"7 minuuttia"},"schema":{"@context":"https:\/\/schema.org","@graph":[{"@type":"Article","@id":"https:\/\/mobilefutures.fi\/blog\/rolling-back-rights-at-europes-borders-how-the-ecthr-is-shifting-its-core-values\/#article","isPartOf":{"@id":"https:\/\/mobilefutures.fi\/blog\/rolling-back-rights-at-europes-borders-how-the-ecthr-is-shifting-its-core-values\/"},"author":{"name":"lindakarvonen","@id":"https:\/\/mobilefutures.fi\/#\/schema\/person\/da216eccefc10cf37bd999803e63714f"},"headline":"Rolling Back Rights at Europe\u2019s Borders: How the ECtHR Is Shifting Its Core&nbsp;Values","datePublished":"2025-10-10T07:28:13+00:00","dateModified":"2025-10-10T07:28:14+00:00","mainEntityOfPage":{"@id":"https:\/\/mobilefutures.fi\/blog\/rolling-back-rights-at-europes-borders-how-the-ecthr-is-shifting-its-core-values\/"},"wordCount":1383,"publisher":{"@id":"https:\/\/mobilefutures.fi\/#organization"},"image":{"@id":"https:\/\/mobilefutures.fi\/blog\/rolling-back-rights-at-europes-borders-how-the-ecthr-is-shifting-its-core-values\/#primaryimage"},"thumbnailUrl":"https:\/\/i0.wp.com\/mobilefutures.fi\/wp-content\/uploads\/2025\/10\/ECtHR.png?fit=1200%2C630&ssl=1","keywords":["Core values","ECtHR","European convention on human rights","Mobile Futures","Securitization"],"articleSection":["Blog"],"inLanguage":"fi"},{"@type":"WebPage","@id":"https:\/\/mobilefutures.fi\/blog\/rolling-back-rights-at-europes-borders-how-the-ecthr-is-shifting-its-core-values\/","url":"https:\/\/mobilefutures.fi\/blog\/rolling-back-rights-at-europes-borders-how-the-ecthr-is-shifting-its-core-values\/","name":"Rolling Back Rights at Europe\u2019s Borders: How the ECtHR Is Shifting Its Core Values &#8211; Blog Mobile Futures","isPartOf":{"@id":"https:\/\/mobilefutures.fi\/#website"},"primaryImageOfPage":{"@id":"https:\/\/mobilefutures.fi\/blog\/rolling-back-rights-at-europes-borders-how-the-ecthr-is-shifting-its-core-values\/#primaryimage"},"image":{"@id":"https:\/\/mobilefutures.fi\/blog\/rolling-back-rights-at-europes-borders-how-the-ecthr-is-shifting-its-core-values\/#primaryimage"},"thumbnailUrl":"https:\/\/i0.wp.com\/mobilefutures.fi\/wp-content\/uploads\/2025\/10\/ECtHR.png?fit=1200%2C630&ssl=1","datePublished":"2025-10-10T07:28:13+00:00","dateModified":"2025-10-10T07:28:14+00:00","description":"02.10.2025 Magdalena Kmak and\u00a0Witold Klaus The text is co-published on the&nbsp;T\u00e5lking Rights a blog powered by the Insitute for Human Rights at \u00c5bo","breadcrumb":{"@id":"https:\/\/mobilefutures.fi\/blog\/rolling-back-rights-at-europes-borders-how-the-ecthr-is-shifting-its-core-values\/#breadcrumb"},"inLanguage":"fi","potentialAction":[{"@type":"ReadAction","target":["https:\/\/mobilefutures.fi\/blog\/rolling-back-rights-at-europes-borders-how-the-ecthr-is-shifting-its-core-values\/"]}]},{"@type":"ImageObject","inLanguage":"fi","@id":"https:\/\/mobilefutures.fi\/blog\/rolling-back-rights-at-europes-borders-how-the-ecthr-is-shifting-its-core-values\/#primaryimage","url":"https:\/\/i0.wp.com\/mobilefutures.fi\/wp-content\/uploads\/2025\/10\/ECtHR.png?fit=1200%2C630&ssl=1","contentUrl":"https:\/\/i0.wp.com\/mobilefutures.fi\/wp-content\/uploads\/2025\/10\/ECtHR.png?fit=1200%2C630&ssl=1","width":1200,"height":630,"caption":"Picture of the European Court of Human Rights from the outside and the logo for Mobile Futures blog."},{"@type":"BreadcrumbList","@id":"https:\/\/mobilefutures.fi\/blog\/rolling-back-rights-at-europes-borders-how-the-ecthr-is-shifting-its-core-values\/#breadcrumb","itemListElement":[{"@type":"ListItem","position":1,"name":"Home","item":"https:\/\/mobilefutures.fi\/"},{"@type":"ListItem","position":2,"name":"Rolling Back Rights at Europe\u2019s Borders: How the ECtHR Is Shifting Its Core&nbsp;Values"}]},{"@type":"WebSite","@id":"https:\/\/mobilefutures.fi\/#website","url":"https:\/\/mobilefutures.fi\/","name":"Mobile Futures","description":"Monimuotoisuus, luottamus ja kaksisuuntainen integraatio","publisher":{"@id":"https:\/\/mobilefutures.fi\/#organization"},"potentialAction":[{"@type":"SearchAction","target":{"@type":"EntryPoint","urlTemplate":"https:\/\/mobilefutures.fi\/?s={search_term_string}"},"query-input":{"@type":"PropertyValueSpecification","valueRequired":true,"valueName":"search_term_string"}}],"inLanguage":"fi"},{"@type":"Organization","@id":"https:\/\/mobilefutures.fi\/#organization","name":"Mobile Futures","url":"https:\/\/mobilefutures.fi\/","logo":{"@type":"ImageObject","inLanguage":"fi","@id":"https:\/\/mobilefutures.fi\/#\/schema\/logo\/image\/","url":"https:\/\/i0.wp.com\/mobilefutures.fi\/wp-content\/uploads\/2022\/02\/Logo-black-1.png?fit=4383%2C2000&ssl=1","contentUrl":"https:\/\/i0.wp.com\/mobilefutures.fi\/wp-content\/uploads\/2022\/02\/Logo-black-1.png?fit=4383%2C2000&ssl=1","width":4383,"height":2000,"caption":"Mobile Futures"},"image":{"@id":"https:\/\/mobilefutures.fi\/#\/schema\/logo\/image\/"},"sameAs":["https:\/\/www.facebook.com\/MobileFuturesFI","https:\/\/x.com\/MobileFuturesFI"]},{"@type":"Person","@id":"https:\/\/mobilefutures.fi\/#\/schema\/person\/da216eccefc10cf37bd999803e63714f","name":"lindakarvonen","image":{"@type":"ImageObject","inLanguage":"fi","@id":"https:\/\/secure.gravatar.com\/avatar\/2cfe195acc3895c93158bf6667381ae5ee5c17c046fd220ed537c24137c415b2?s=96&d=identicon&r=g","url":"https:\/\/secure.gravatar.com\/avatar\/2cfe195acc3895c93158bf6667381ae5ee5c17c046fd220ed537c24137c415b2?s=96&d=identicon&r=g","contentUrl":"https:\/\/secure.gravatar.com\/avatar\/2cfe195acc3895c93158bf6667381ae5ee5c17c046fd220ed537c24137c415b2?s=96&d=identicon&r=g","caption":"lindakarvonen"},"url":"https:\/\/mobilefutures.fi\/fi\/author\/lindakarvonen\/"}]}},"jetpack_publicize_connections":[],"jetpack_featured_media_url":"https:\/\/i0.wp.com\/mobilefutures.fi\/wp-content\/uploads\/2025\/10\/ECtHR.png?fit=1200%2C630&ssl=1","jetpack_likes_enabled":false,"jetpack_sharing_enabled":true,"jetpack_shortlink":"https:\/\/wp.me\/pdClTx-1oG","_links":{"self":[{"href":"https:\/\/mobilefutures.fi\/fi\/wp-json\/wp\/v2\/posts\/5374","targetHints":{"allow":["GET"]}}],"collection":[{"href":"https:\/\/mobilefutures.fi\/fi\/wp-json\/wp\/v2\/posts"}],"about":[{"href":"https:\/\/mobilefutures.fi\/fi\/wp-json\/wp\/v2\/types\/post"}],"author":[{"embeddable":true,"href":"https:\/\/mobilefutures.fi\/fi\/wp-json\/wp\/v2\/users\/215458252"}],"replies":[{"embeddable":true,"href":"https:\/\/mobilefutures.fi\/fi\/wp-json\/wp\/v2\/comments?post=5374"}],"version-history":[{"count":10,"href":"https:\/\/mobilefutures.fi\/fi\/wp-json\/wp\/v2\/posts\/5374\/revisions"}],"predecessor-version":[{"id":5425,"href":"https:\/\/mobilefutures.fi\/fi\/wp-json\/wp\/v2\/posts\/5374\/revisions\/5425"}],"wp:featuredmedia":[{"embeddable":true,"href":"https:\/\/mobilefutures.fi\/fi\/wp-json\/wp\/v2\/media\/5422"}],"wp:attachment":[{"href":"https:\/\/mobilefutures.fi\/fi\/wp-json\/wp\/v2\/media?parent=5374"}],"wp:term":[{"taxonomy":"category","embeddable":true,"href":"https:\/\/mobilefutures.fi\/fi\/wp-json\/wp\/v2\/categories?post=5374"},{"taxonomy":"post_tag","embeddable":true,"href":"https:\/\/mobilefutures.fi\/fi\/wp-json\/wp\/v2\/tags?post=5374"}],"curies":[{"name":"wp","href":"https:\/\/api.w.org\/{rel}","templated":true}]}}