{"id":2641,"date":"2023-04-26T15:16:06","date_gmt":"2023-04-26T12:16:06","guid":{"rendered":"https:\/\/mobilefutures.fi\/?p=2641"},"modified":"2023-05-02T09:48:41","modified_gmt":"2023-05-02T06:48:41","slug":"uusi-demography-talks-webinaarisarja-tarjoaa-tutkittua-tietoa-vaeston-muutoksista","status":"publish","type":"post","link":"https:\/\/mobilefutures.fi\/sv\/events\/uusi-demography-talks-webinaarisarja-tarjoaa-tutkittua-tietoa-vaeston-muutoksista\/","title":{"rendered":"Uusi DEMOGRAPHY Talks -webinaarisarja tarjoaa tutkittua tietoa v\u00e4est\u00f6n muutoksista"},"content":{"rendered":"<p class=\"wp-block-paragraph\">Tervetuloa kuulemaan tutkittua tietoa v\u00e4est\u00f6rakenteen muutoksista Demography Talks -webinaareihin. Webinaarisarja on avoin kaikille - olet tervetullut kuulolle, olet sitten p\u00e4\u00e4t\u00f6ksentekij\u00e4, j\u00e4rjest\u00f6n ty\u00f6ntekij\u00e4, toimittaja tai muuten vain kiinnostunut aiheesta.<\/p>\n\n\n\n<p class=\"wp-block-paragraph\">Webinaarit ovat tiiviit\u00e4 alle tunnin mittaisia tilaisuuksia, joissa tutkijat esittelev\u00e4t kahta ajankohtaista tutkimusta v\u00e4est\u00f6\u00f6n liittyvist\u00e4 aiheista. Webinaarit konkretisoivat parhaillaan k\u00e4yt\u00e4v\u00e4\u00e4 yhteiskunnallista keskustelua ja antavat siihen uusia n\u00e4k\u00f6kulmia.<\/p>\n\n\n\n<p class=\"wp-block-paragraph\">Voit ilmoittautua webinaareihin alla olevien linkkien kautta. Ilmoittauduttuasi saat s\u00e4hk\u00f6postiisi kalenterikutsun, jossa on linkki Teamsissa toteutettavaan webinaariin. P\u00e4\u00e4set liittym\u00e4\u00e4n kuhunkin webinaariin saamasi linkin kautta noin 5 minuuttia ennen tilaisuuden alkua.<\/p>\n\n\n\n<p class=\"wp-block-paragraph\"><\/p>\n\n\n\n<hr class=\"wp-block-separator has-alpha-channel-opacity is-style-wide\"\/>\n\n\n\n<h2 class=\"wp-block-heading\"><strong>Tutkittua tietoa: Syntyvyys on vajonnut enn\u00e4tysalas - mit\u00e4 siit\u00e4 seuraa?<\/strong>&nbsp;<\/h2>\n\n\n\n<p class=\"wp-block-paragraph\"><strong>Ti 6.6. klo 14.00-15.00<\/strong>&nbsp;<\/p>\n\n\n\n<p class=\"wp-block-paragraph\">Syntyvyys on painunut Suomessa enn\u00e4tyksellisen matalalle. Syntyvyys on laskenut my\u00f6s muissa Pohjoismaissa, mutta Suomessa lasku on huomattavan jyrkk\u00e4 ja syntyvyyden taso matalin. Etenkin ensimm\u00e4isi\u00e4 lapsia syntyy aiempaa v\u00e4hemm\u00e4n ja lopulliset lapsiluvut pienenev\u00e4t. Monet ihmiset toivovat saavansa enemm\u00e4n lapsia kuin lopulta saavat.&nbsp;&nbsp;<\/p>\n\n\n\n<p class=\"wp-block-paragraph\">Mink\u00e4laisia seurauksia matalalla syntyvyydell\u00e4 on suomalaisen yhteiskunnan sosiaaliselle ja taloudelliselle kest\u00e4vyydelle? Mink\u00e4laisia lastensaantitoiveita nuorilla on?&nbsp;&nbsp;<\/p>\n\n\n\n<p class=\"wp-block-paragraph\"><strong>Matala syntyvyys ja sen seuraukset yhteiskunnalle<\/strong>&nbsp;<br>Professor Marika Jalovaara, Turun yliopisto&nbsp;<br><a href=\"https:\/\/fluxconsortium.fi\/\">FLUX<\/a>&nbsp;<\/p>\n\n\n\n<p class=\"wp-block-paragraph\"><strong>Lastensaantiaikeet ja -ihanteet<\/strong>\u00a0<br>Tutkija Noora Lehtonen, V\u00e4est\u00f6liitto\u00a0<br><a href=\"https:\/\/www.netresilience.fi\/\">NetResilience<\/a>\u00a0\u00a0<\/p>\n\n\n\n<div class=\"wp-block-buttons is-layout-flex wp-block-buttons-is-layout-flex\">\n<div class=\"wp-block-button\"><a class=\"wp-block-button__link wp-element-button\" href=\"https:\/\/link.webropolsurveys.com\/EP\/0FB712283657A3E7\"><strong>Ilmoittaudu t\u00e4st\u00e4<\/strong><\/a><\/div>\n<\/div>\n\n\n\n<hr class=\"wp-block-separator has-alpha-channel-opacity is-style-wide\"\/>\n\n\n\n<h2 class=\"wp-block-heading\"><strong>Tutkittua tietoa: Maahanmuuttajat ty\u00f6el\u00e4m\u00e4ss\u00e4&nbsp;<\/strong>&nbsp;<\/h2>\n\n\n\n<p class=\"wp-block-paragraph\"><strong>Ti 12.9. klo 14.00-15.00<\/strong>&nbsp;<\/p>\n\n\n\n<p class=\"wp-block-paragraph\">Suomalainen ty\u00f6el\u00e4m\u00e4 moninaistuu. T\u00e4m\u00e4 haastaa ty\u00f6yhteis\u00f6j\u00e4 ja johtajuutta, mutta my\u00f6s ty\u00f6ntekij\u00e4oikeuksien toteutumista. Tutkimus on tuonut esiin ongelmakohtia, jotka liittyv\u00e4t muun muassa ty\u00f6el\u00e4m\u00e4n syrjiviin k\u00e4yt\u00e4nt\u00f6ihin. Kyse ei ole ainoastaan ty\u00f6per\u00e4isest\u00e4 maahanmuutosta, vaan my\u00f6s siit\u00e4, miten Suomessa osataan tunnistaa eri ihmisten osaamispotentiaalia ja kuinka ty\u00f6kyky\u00e4 tuetaan nykyist\u00e4 paremmin.&nbsp;&nbsp;<\/p>\n\n\n\n<p class=\"wp-block-paragraph\">Miten taataan tasa-arvo ty\u00f6el\u00e4m\u00e4ss\u00e4, ja miten ty\u00f6yhteis\u00f6iss\u00e4 tuetaan monimuotoisuutta ja yhdenvertaisuutta? Millainen ty\u00f6kyky maahanmuuttajilla on rekisteritutkimuksen valossa, ja miten sit\u00e4 voidaan tukea?&nbsp;<\/p>\n\n\n\n<p class=\"wp-block-paragraph\"><strong>Tasa-arvon ja osallisuuden haasteet ty\u00f6yhteis\u00f6ss\u00e4<\/strong>&nbsp;<br>Erikoistutkija Sari Vanhanen, Siirtolaisuusinstituutti&nbsp;<br><a href=\"http:\/\/mobilefutures.fi\/sv\/\">Mobila framtidsutsikter<\/a>&nbsp;<\/p>\n\n\n\n<p class=\"wp-block-paragraph\"><strong>Maahanmuuttajataustaisen v\u00e4est\u00f6n ja valtav\u00e4est\u00f6n ty\u00f6kyvytt\u00f6myys hoiva-alalla rekisteritutkimuksen valossa <\/strong>&nbsp;<br>Tutkimusprofessori Ari V\u00e4\u00e4n\u00e4nen, Ty\u00f6terveyslaitos&nbsp;<br><a href=\"https:\/\/www.ttl.fi\/lifecon-vaestorakenteen-muutosten-elamankaari-ja-talousvaikutukset\">LIFECON&nbsp;<\/a><\/p>\n\n\n\n<div class=\"wp-block-buttons is-layout-flex wp-block-buttons-is-layout-flex\">\n<div class=\"wp-block-button\"><a class=\"wp-block-button__link wp-element-button\" href=\"https:\/\/link.webropolsurveys.com\/EP\/F37991A6EDD8A1CE\">Ilmoittaudu t\u00e4st\u00e4<\/a><\/div>\n<\/div>\n\n\n\n<p class=\"wp-block-paragraph\"><\/p>\n\n\n\n<hr class=\"wp-block-separator has-alpha-channel-opacity is-style-wide\"\/>\n\n\n\n<h2 class=\"wp-block-heading\"><strong>Tutkittua tietoa: Muuttoliike ja v\u00e4est\u00f6rakenteen alueelliset erot<\/strong>&nbsp;<\/h2>\n\n\n\n<p class=\"wp-block-paragraph\"><strong>Ti 7.11. klo 14.00-15.00<\/strong>&nbsp;<\/p>\n\n\n\n<p class=\"wp-block-paragraph\">Kaupungistuminen on edennyt Suomessa tasaisesti viime vuosikymmenin\u00e4. Maan sis\u00e4inen ja kansainv\u00e4linen muuttoliike keskitt\u00e4v\u00e4t v\u00e4est\u00f6\u00e4 suurille kaupunkiseuduille. Samalla erot v\u00e4est\u00f6llisess\u00e4 huoltosuhteessa ovat kasvaneet kaupunkien ja maaseudun v\u00e4lill\u00e4. Suurten kaupunkien sis\u00e4ll\u00e4 puolestaan tulotason ja etnisen taustan mukaiset erot alueiden v\u00e4est\u00f6rakenteessa ovat kasvaneet. T\u00e4llaisten muutosten merkitys riippuu osittain siit\u00e4, mik\u00e4 prosessi ne tuottaa, eli onko kyse muuttoliikkeest\u00e4 vai alueilla pysyv\u00e4n v\u00e4est\u00f6n muutoksista.&nbsp;&nbsp;<\/p>\n\n\n\n<p class=\"wp-block-paragraph\">Mit\u00e4 vaikutuksia muuttoliikkeell\u00e4 on alueiden v\u00e4est\u00f6rakenteeseen? Miten alueelliset erot n\u00e4kyv\u00e4t ihmisten el\u00e4m\u00e4ss\u00e4? Miten esimerkiksi sosiaaliset suhteet, koettu sosiaalinen tuki ja yhteis\u00f6llinen osallistuminen jakautuvat alueittain Suomessa ja laajemmin Euroopassa, ja miten n\u00e4m\u00e4 ovat yhteydess\u00e4 v\u00e4est\u00f6nkehitykseen?&nbsp;<\/p>\n\n\n\n<p class=\"wp-block-paragraph\"><strong>Muuttoliikkeen merkitys asuinalueiden v\u00e4est\u00f6rakenteen muutoksessa<\/strong>&nbsp;<br>Tutkimusp\u00e4\u00e4llikk\u00f6 Timo Kauppinen, Terveyden ja hyvinvoinnin laitos&nbsp;<br><a href=\"https:\/\/www.sustageable.fi\/\">H\u00e5llbar<\/a>&nbsp;<\/p>\n\n\n\n<p class=\"wp-block-paragraph\"><strong>Sosiaalisten suhteiden alueelliset erot<\/strong>&nbsp;<br>Professor Markus Jokela, Helsingin yliopisto&nbsp;<br><a href=\"https:\/\/www.netresilience.fi\/\">NetResilience<\/a><\/p>\n\n\n\n<div class=\"wp-block-buttons is-layout-flex wp-block-buttons-is-layout-flex\">\n<div class=\"wp-block-button\"><a class=\"wp-block-button__link wp-element-button\" href=\"https:\/\/link.webropolsurveys.com\/EP\/61F08C0B6AE663F5\">Ilmoittaudu t\u00e4st\u00e4<\/a><\/div>\n<\/div>\n\n\n\n<p class=\"wp-block-paragraph\"><\/p>\n\n\n\n<hr class=\"wp-block-separator has-alpha-channel-opacity is-style-wide\"\/>\n\n\n\n<p class=\"wp-block-paragraph\"><em>Suomen v\u00e4est\u00f6 ik\u00e4\u00e4ntyy, syntyvyys laskee ja ty\u00f6ik\u00e4isten m\u00e4\u00e4r\u00e4 v\u00e4henee. V\u00e4est\u00f6nkehityksess\u00e4 on kyse perustavanlaatuisista muutoksista, jotka vaikuttavat laaja-alaisesti yhteiskuntaamme, talouteemme ja ihmisten el\u00e4m\u00e4\u00e4n. DEMOGRAFI-ohjelman hankkeet tutkivat, miten v\u00e4est\u00f6lliset muutokset muokkaavat suomalaista yhteiskuntaa ja miten muutoksiin voidaan vaikuttaa ja sopeutua.<\/em><\/p>\n\n\n\n<div style=\"height:100px\" aria-hidden=\"true\" class=\"wp-block-spacer\"><\/div>","protected":false},"excerpt":{"rendered":"<p>Aloitamme uuden, kaikille avoimen webinaarisarjan, joka tarjoaa tutkittua tietoa ajankohtaisista v\u00e4est\u00f6n muutoksista. Olet tervetullut kuulolle, olet sitten p\u00e4\u00e4tt\u00e4j\u00e4, j\u00e4rjest\u00f6n ty\u00f6ntekij\u00e4, toimittaja tai muuten vain kiinnostunut aiheesta. Webinaarisarjan j\u00e4rjest\u00e4\u00e4\u00e4 Strategisen tutkimuksen neuvoston DEMOGRAPHY-ohjelma ja sen viisi hanketta.<\/p>","protected":false},"author":215458246,"featured_media":2655,"comment_status":"closed","ping_status":"closed","sticky":false,"template":"","format":"standard","meta":{"_crdt_document":"","inline_featured_image":false,"_jetpack_newsletter_access":"","_jetpack_dont_email_post_to_subs":false,"_jetpack_newsletter_tier_id":0,"_jetpack_memberships_contains_paywalled_content":false,"_jetpack_memberships_contains_paid_content":false,"footnotes":"","jetpack_publicize_message":"","jetpack_publicize_feature_enabled":true,"jetpack_social_post_already_shared":true,"jetpack_social_options":{"image_generator_settings":{"template":"highway","default_image_id":0,"font":"","enabled":false},"version":2},"_wpas_customize_per_network":false,"jetpack_post_was_ever_published":false},"categories":[1386],"tags":[1429],"class_list":["post-2641","post","type-post","status-publish","format-standard","has-post-thumbnail","hentry","category-events","tag-demographystn"],"yoast_head":"<!-- This site is optimized with the Yoast SEO plugin v27.5 - https:\/\/yoast.com\/product\/yoast-seo-wordpress\/ -->\n<title>Uusi DEMOGRAPHY Talks -webinaarisarja tarjoaa tutkittua tietoa v\u00e4est\u00f6n muutoksista &#8211; Events Mobile Futures<\/title>\n<meta name=\"description\" content=\"Aloitamme uuden, kaikille avoimen webinaarisarjan, joka tarjoaa tutkittua tietoa ajankohtaisista v\u00e4est\u00f6n muutoksista. Olet tervetullut kuulolle, olet sitten p\u00e4\u00e4tt\u00e4j\u00e4, j\u00e4rjest\u00f6n ty\u00f6ntekij\u00e4, toimittaja tai muuten vain kiinnostunut aiheesta. Webinaarisarjan j\u00e4rjest\u00e4\u00e4 Strategisen tutkimuksen neuvoston DEMOGRAPHY-ohjelma ja sen viisi hanketta.\" \/>\n<meta name=\"robots\" content=\"index, follow, max-snippet:-1, max-image-preview:large, max-video-preview:-1\" \/>\n<link rel=\"canonical\" href=\"https:\/\/mobilefutures.fi\/sv\/events\/uusi-demography-talks-webinaarisarja-tarjoaa-tutkittua-tietoa-vaeston-muutoksista\/\" \/>\n<meta property=\"og:locale\" content=\"sv_SE\" \/>\n<meta property=\"og:type\" content=\"article\" \/>\n<meta property=\"og:title\" content=\"Uusi DEMOGRAPHY Talks -webinaarisarja tarjoaa tutkittua tietoa v\u00e4est\u00f6n muutoksista &#8211; Events Mobile Futures\" \/>\n<meta property=\"og:description\" content=\"Aloitamme uuden, kaikille avoimen webinaarisarjan, joka tarjoaa tutkittua tietoa ajankohtaisista v\u00e4est\u00f6n muutoksista. Olet tervetullut kuulolle, olet sitten p\u00e4\u00e4tt\u00e4j\u00e4, j\u00e4rjest\u00f6n ty\u00f6ntekij\u00e4, toimittaja tai muuten vain kiinnostunut aiheesta. Webinaarisarjan j\u00e4rjest\u00e4\u00e4 Strategisen tutkimuksen neuvoston DEMOGRAPHY-ohjelma ja sen viisi hanketta.\" \/>\n<meta property=\"og:url\" content=\"https:\/\/mobilefutures.fi\/sv\/events\/uusi-demography-talks-webinaarisarja-tarjoaa-tutkittua-tietoa-vaeston-muutoksista\/\" \/>\n<meta property=\"og:site_name\" content=\"Mobile Futures\" \/>\n<meta property=\"article:publisher\" content=\"https:\/\/www.facebook.com\/MobileFuturesFI\" \/>\n<meta property=\"article:published_time\" content=\"2023-04-26T12:16:06+00:00\" \/>\n<meta property=\"article:modified_time\" content=\"2023-05-02T06:48:41+00:00\" \/>\n<meta property=\"og:image\" content=\"https:\/\/i0.wp.com\/mobilefutures.fi\/wp-content\/uploads\/2023\/04\/DEMO-TALKS-2.png?fit=1921%2C800&ssl=1\" \/>\n\t<meta property=\"og:image:width\" content=\"1921\" \/>\n\t<meta property=\"og:image:height\" content=\"800\" \/>\n\t<meta property=\"og:image:type\" content=\"image\/png\" \/>\n<meta name=\"author\" content=\"mbilefutures\" \/>\n<meta name=\"twitter:card\" content=\"summary_large_image\" \/>\n<meta name=\"twitter:creator\" content=\"@MobileFuturesFI\" \/>\n<meta name=\"twitter:site\" content=\"@MobileFuturesFI\" \/>\n<meta name=\"twitter:label1\" content=\"Skriven av\" \/>\n\t<meta name=\"twitter:data1\" content=\"mbilefutures\" \/>\n\t<meta name=\"twitter:label2\" content=\"Ber\u00e4knad l\u00e4stid\" \/>\n\t<meta name=\"twitter:data2\" content=\"3 minuter\" \/>\n<script type=\"application\/ld+json\" class=\"yoast-schema-graph\">{\"@context\":\"https:\\\/\\\/schema.org\",\"@graph\":[{\"@type\":\"Article\",\"@id\":\"https:\\\/\\\/mobilefutures.fi\\\/events\\\/uusi-demography-talks-webinaarisarja-tarjoaa-tutkittua-tietoa-vaeston-muutoksista\\\/#article\",\"isPartOf\":{\"@id\":\"https:\\\/\\\/mobilefutures.fi\\\/events\\\/uusi-demography-talks-webinaarisarja-tarjoaa-tutkittua-tietoa-vaeston-muutoksista\\\/\"},\"author\":{\"name\":\"mbilefutures\",\"@id\":\"https:\\\/\\\/mobilefutures.fi\\\/#\\\/schema\\\/person\\\/24ce1a93b81664772102c36fe51ff958\"},\"headline\":\"Uusi DEMOGRAPHY Talks -webinaarisarja tarjoaa tutkittua tietoa v\u00e4est\u00f6n&nbsp;muutoksista\",\"datePublished\":\"2023-04-26T12:16:06+00:00\",\"dateModified\":\"2023-05-02T06:48:41+00:00\",\"mainEntityOfPage\":{\"@id\":\"https:\\\/\\\/mobilefutures.fi\\\/events\\\/uusi-demography-talks-webinaarisarja-tarjoaa-tutkittua-tietoa-vaeston-muutoksista\\\/\"},\"wordCount\":593,\"publisher\":{\"@id\":\"https:\\\/\\\/mobilefutures.fi\\\/#organization\"},\"image\":{\"@id\":\"https:\\\/\\\/mobilefutures.fi\\\/events\\\/uusi-demography-talks-webinaarisarja-tarjoaa-tutkittua-tietoa-vaeston-muutoksista\\\/#primaryimage\"},\"thumbnailUrl\":\"https:\\\/\\\/i0.wp.com\\\/mobilefutures.fi\\\/wp-content\\\/uploads\\\/2023\\\/04\\\/DEMO-TALKS-2.png?fit=1921%2C800&ssl=1\",\"keywords\":[\"DemographySTN\"],\"articleSection\":[\"Events\"],\"inLanguage\":\"sv-SE\"},{\"@type\":\"WebPage\",\"@id\":\"https:\\\/\\\/mobilefutures.fi\\\/events\\\/uusi-demography-talks-webinaarisarja-tarjoaa-tutkittua-tietoa-vaeston-muutoksista\\\/\",\"url\":\"https:\\\/\\\/mobilefutures.fi\\\/events\\\/uusi-demography-talks-webinaarisarja-tarjoaa-tutkittua-tietoa-vaeston-muutoksista\\\/\",\"name\":\"Uusi DEMOGRAPHY Talks -webinaarisarja tarjoaa tutkittua tietoa v\u00e4est\u00f6n muutoksista &#8211; Events Mobile Futures\",\"isPartOf\":{\"@id\":\"https:\\\/\\\/mobilefutures.fi\\\/#website\"},\"primaryImageOfPage\":{\"@id\":\"https:\\\/\\\/mobilefutures.fi\\\/events\\\/uusi-demography-talks-webinaarisarja-tarjoaa-tutkittua-tietoa-vaeston-muutoksista\\\/#primaryimage\"},\"image\":{\"@id\":\"https:\\\/\\\/mobilefutures.fi\\\/events\\\/uusi-demography-talks-webinaarisarja-tarjoaa-tutkittua-tietoa-vaeston-muutoksista\\\/#primaryimage\"},\"thumbnailUrl\":\"https:\\\/\\\/i0.wp.com\\\/mobilefutures.fi\\\/wp-content\\\/uploads\\\/2023\\\/04\\\/DEMO-TALKS-2.png?fit=1921%2C800&ssl=1\",\"datePublished\":\"2023-04-26T12:16:06+00:00\",\"dateModified\":\"2023-05-02T06:48:41+00:00\",\"description\":\"Aloitamme uuden, kaikille avoimen webinaarisarjan, joka tarjoaa tutkittua tietoa ajankohtaisista v\u00e4est\u00f6n muutoksista. Olet tervetullut kuulolle, olet sitten p\u00e4\u00e4tt\u00e4j\u00e4, j\u00e4rjest\u00f6n ty\u00f6ntekij\u00e4, toimittaja tai muuten vain kiinnostunut aiheesta. Webinaarisarjan j\u00e4rjest\u00e4\u00e4 Strategisen tutkimuksen neuvoston DEMOGRAPHY-ohjelma ja sen viisi hanketta.\",\"breadcrumb\":{\"@id\":\"https:\\\/\\\/mobilefutures.fi\\\/events\\\/uusi-demography-talks-webinaarisarja-tarjoaa-tutkittua-tietoa-vaeston-muutoksista\\\/#breadcrumb\"},\"inLanguage\":\"sv-SE\",\"potentialAction\":[{\"@type\":\"ReadAction\",\"target\":[\"https:\\\/\\\/mobilefutures.fi\\\/events\\\/uusi-demography-talks-webinaarisarja-tarjoaa-tutkittua-tietoa-vaeston-muutoksista\\\/\"]}]},{\"@type\":\"ImageObject\",\"inLanguage\":\"sv-SE\",\"@id\":\"https:\\\/\\\/mobilefutures.fi\\\/events\\\/uusi-demography-talks-webinaarisarja-tarjoaa-tutkittua-tietoa-vaeston-muutoksista\\\/#primaryimage\",\"url\":\"https:\\\/\\\/i0.wp.com\\\/mobilefutures.fi\\\/wp-content\\\/uploads\\\/2023\\\/04\\\/DEMO-TALKS-2.png?fit=1921%2C800&ssl=1\",\"contentUrl\":\"https:\\\/\\\/i0.wp.com\\\/mobilefutures.fi\\\/wp-content\\\/uploads\\\/2023\\\/04\\\/DEMO-TALKS-2.png?fit=1921%2C800&ssl=1\",\"width\":1921,\"height\":800},{\"@type\":\"BreadcrumbList\",\"@id\":\"https:\\\/\\\/mobilefutures.fi\\\/events\\\/uusi-demography-talks-webinaarisarja-tarjoaa-tutkittua-tietoa-vaeston-muutoksista\\\/#breadcrumb\",\"itemListElement\":[{\"@type\":\"ListItem\",\"position\":1,\"name\":\"Home\",\"item\":\"https:\\\/\\\/mobilefutures.fi\\\/\"},{\"@type\":\"ListItem\",\"position\":2,\"name\":\"Uusi DEMOGRAPHY Talks -webinaarisarja tarjoaa tutkittua tietoa v\u00e4est\u00f6n&nbsp;muutoksista\"}]},{\"@type\":\"WebSite\",\"@id\":\"https:\\\/\\\/mobilefutures.fi\\\/#website\",\"url\":\"https:\\\/\\\/mobilefutures.fi\\\/\",\"name\":\"Mobile Futures\",\"description\":\"Diversity, Trust and Two-Way Integration\",\"publisher\":{\"@id\":\"https:\\\/\\\/mobilefutures.fi\\\/#organization\"},\"potentialAction\":[{\"@type\":\"SearchAction\",\"target\":{\"@type\":\"EntryPoint\",\"urlTemplate\":\"https:\\\/\\\/mobilefutures.fi\\\/?s={search_term_string}\"},\"query-input\":{\"@type\":\"PropertyValueSpecification\",\"valueRequired\":true,\"valueName\":\"search_term_string\"}}],\"inLanguage\":\"sv-SE\"},{\"@type\":\"Organization\",\"@id\":\"https:\\\/\\\/mobilefutures.fi\\\/#organization\",\"name\":\"Mobile Futures\",\"url\":\"https:\\\/\\\/mobilefutures.fi\\\/\",\"logo\":{\"@type\":\"ImageObject\",\"inLanguage\":\"sv-SE\",\"@id\":\"https:\\\/\\\/mobilefutures.fi\\\/#\\\/schema\\\/logo\\\/image\\\/\",\"url\":\"https:\\\/\\\/i0.wp.com\\\/mobilefutures.fi\\\/wp-content\\\/uploads\\\/2022\\\/02\\\/Logo-black-1.png?fit=4383%2C2000&ssl=1\",\"contentUrl\":\"https:\\\/\\\/i0.wp.com\\\/mobilefutures.fi\\\/wp-content\\\/uploads\\\/2022\\\/02\\\/Logo-black-1.png?fit=4383%2C2000&ssl=1\",\"width\":4383,\"height\":2000,\"caption\":\"Mobile Futures\"},\"image\":{\"@id\":\"https:\\\/\\\/mobilefutures.fi\\\/#\\\/schema\\\/logo\\\/image\\\/\"},\"sameAs\":[\"https:\\\/\\\/www.facebook.com\\\/MobileFuturesFI\",\"https:\\\/\\\/x.com\\\/MobileFuturesFI\"]},{\"@type\":\"Person\",\"@id\":\"https:\\\/\\\/mobilefutures.fi\\\/#\\\/schema\\\/person\\\/24ce1a93b81664772102c36fe51ff958\",\"name\":\"mbilefutures\",\"image\":{\"@type\":\"ImageObject\",\"inLanguage\":\"sv-SE\",\"@id\":\"https:\\\/\\\/secure.gravatar.com\\\/avatar\\\/776a939f94d2888df04ac6b79f0785650f4a4e1bf61fe226509adec0424ed7cd?s=96&d=identicon&r=g\",\"url\":\"https:\\\/\\\/secure.gravatar.com\\\/avatar\\\/776a939f94d2888df04ac6b79f0785650f4a4e1bf61fe226509adec0424ed7cd?s=96&d=identicon&r=g\",\"contentUrl\":\"https:\\\/\\\/secure.gravatar.com\\\/avatar\\\/776a939f94d2888df04ac6b79f0785650f4a4e1bf61fe226509adec0424ed7cd?s=96&d=identicon&r=g\",\"caption\":\"mbilefutures\"},\"sameAs\":[\"http:\\\/\\\/mobilefutures720100823.wordpress.com\"],\"url\":\"https:\\\/\\\/mobilefutures.fi\\\/sv\\\/author\\\/mbilefutures\\\/\"}]}<\/script>\n<!-- \/ Yoast SEO plugin. -->","yoast_head_json":{"title":"Uusi DEMOGRAPHY Talks -webinaarisarja tarjoaa tutkittua tietoa v\u00e4est\u00f6n muutoksista &#8211; Events Mobile Futures","description":"Aloitamme uuden, kaikille avoimen webinaarisarjan, joka tarjoaa tutkittua tietoa ajankohtaisista v\u00e4est\u00f6n muutoksista. Olet tervetullut kuulolle, olet sitten p\u00e4\u00e4tt\u00e4j\u00e4, j\u00e4rjest\u00f6n ty\u00f6ntekij\u00e4, toimittaja tai muuten vain kiinnostunut aiheesta. Webinaarisarjan j\u00e4rjest\u00e4\u00e4\u00e4 Strategisen tutkimuksen neuvoston DEMOGRAPHY-ohjelma ja sen viisi hanketta.","robots":{"index":"index","follow":"follow","max-snippet":"max-snippet:-1","max-image-preview":"max-image-preview:large","max-video-preview":"max-video-preview:-1"},"canonical":"https:\/\/mobilefutures.fi\/sv\/events\/uusi-demography-talks-webinaarisarja-tarjoaa-tutkittua-tietoa-vaeston-muutoksista\/","og_locale":"sv_SE","og_type":"article","og_title":"Uusi DEMOGRAPHY Talks -webinaarisarja tarjoaa tutkittua tietoa v\u00e4est\u00f6n muutoksista &#8211; Events Mobile Futures","og_description":"Aloitamme uuden, kaikille avoimen webinaarisarjan, joka tarjoaa tutkittua tietoa ajankohtaisista v\u00e4est\u00f6n muutoksista. Olet tervetullut kuulolle, olet sitten p\u00e4\u00e4tt\u00e4j\u00e4, j\u00e4rjest\u00f6n ty\u00f6ntekij\u00e4, toimittaja tai muuten vain kiinnostunut aiheesta. Webinaarisarjan j\u00e4rjest\u00e4\u00e4 Strategisen tutkimuksen neuvoston DEMOGRAPHY-ohjelma ja sen viisi hanketta.","og_url":"https:\/\/mobilefutures.fi\/sv\/events\/uusi-demography-talks-webinaarisarja-tarjoaa-tutkittua-tietoa-vaeston-muutoksista\/","og_site_name":"Mobile Futures","article_publisher":"https:\/\/www.facebook.com\/MobileFuturesFI","article_published_time":"2023-04-26T12:16:06+00:00","article_modified_time":"2023-05-02T06:48:41+00:00","og_image":[{"width":1921,"height":800,"url":"https:\/\/i0.wp.com\/mobilefutures.fi\/wp-content\/uploads\/2023\/04\/DEMO-TALKS-2.png?fit=1921%2C800&ssl=1","type":"image\/png"}],"author":"mbilefutures","twitter_card":"summary_large_image","twitter_creator":"@MobileFuturesFI","twitter_site":"@MobileFuturesFI","twitter_misc":{"Skriven av":"mbilefutures","Ber\u00e4knad l\u00e4stid":"3 minuter"},"schema":{"@context":"https:\/\/schema.org","@graph":[{"@type":"Article","@id":"https:\/\/mobilefutures.fi\/events\/uusi-demography-talks-webinaarisarja-tarjoaa-tutkittua-tietoa-vaeston-muutoksista\/#article","isPartOf":{"@id":"https:\/\/mobilefutures.fi\/events\/uusi-demography-talks-webinaarisarja-tarjoaa-tutkittua-tietoa-vaeston-muutoksista\/"},"author":{"name":"mbilefutures","@id":"https:\/\/mobilefutures.fi\/#\/schema\/person\/24ce1a93b81664772102c36fe51ff958"},"headline":"Uusi DEMOGRAPHY Talks -webinaarisarja tarjoaa tutkittua tietoa v\u00e4est\u00f6n&nbsp;muutoksista","datePublished":"2023-04-26T12:16:06+00:00","dateModified":"2023-05-02T06:48:41+00:00","mainEntityOfPage":{"@id":"https:\/\/mobilefutures.fi\/events\/uusi-demography-talks-webinaarisarja-tarjoaa-tutkittua-tietoa-vaeston-muutoksista\/"},"wordCount":593,"publisher":{"@id":"https:\/\/mobilefutures.fi\/#organization"},"image":{"@id":"https:\/\/mobilefutures.fi\/events\/uusi-demography-talks-webinaarisarja-tarjoaa-tutkittua-tietoa-vaeston-muutoksista\/#primaryimage"},"thumbnailUrl":"https:\/\/i0.wp.com\/mobilefutures.fi\/wp-content\/uploads\/2023\/04\/DEMO-TALKS-2.png?fit=1921%2C800&ssl=1","keywords":["DemographySTN"],"articleSection":["Events"],"inLanguage":"sv-SE"},{"@type":"WebPage","@id":"https:\/\/mobilefutures.fi\/events\/uusi-demography-talks-webinaarisarja-tarjoaa-tutkittua-tietoa-vaeston-muutoksista\/","url":"https:\/\/mobilefutures.fi\/events\/uusi-demography-talks-webinaarisarja-tarjoaa-tutkittua-tietoa-vaeston-muutoksista\/","name":"Uusi DEMOGRAPHY Talks -webinaarisarja tarjoaa tutkittua tietoa v\u00e4est\u00f6n muutoksista &#8211; Events Mobile Futures","isPartOf":{"@id":"https:\/\/mobilefutures.fi\/#website"},"primaryImageOfPage":{"@id":"https:\/\/mobilefutures.fi\/events\/uusi-demography-talks-webinaarisarja-tarjoaa-tutkittua-tietoa-vaeston-muutoksista\/#primaryimage"},"image":{"@id":"https:\/\/mobilefutures.fi\/events\/uusi-demography-talks-webinaarisarja-tarjoaa-tutkittua-tietoa-vaeston-muutoksista\/#primaryimage"},"thumbnailUrl":"https:\/\/i0.wp.com\/mobilefutures.fi\/wp-content\/uploads\/2023\/04\/DEMO-TALKS-2.png?fit=1921%2C800&ssl=1","datePublished":"2023-04-26T12:16:06+00:00","dateModified":"2023-05-02T06:48:41+00:00","description":"Aloitamme uuden, kaikille avoimen webinaarisarjan, joka tarjoaa tutkittua tietoa ajankohtaisista v\u00e4est\u00f6n muutoksista. Olet tervetullut kuulolle, olet sitten p\u00e4\u00e4tt\u00e4j\u00e4, j\u00e4rjest\u00f6n ty\u00f6ntekij\u00e4, toimittaja tai muuten vain kiinnostunut aiheesta. Webinaarisarjan j\u00e4rjest\u00e4\u00e4\u00e4 Strategisen tutkimuksen neuvoston DEMOGRAPHY-ohjelma ja sen viisi hanketta.","breadcrumb":{"@id":"https:\/\/mobilefutures.fi\/events\/uusi-demography-talks-webinaarisarja-tarjoaa-tutkittua-tietoa-vaeston-muutoksista\/#breadcrumb"},"inLanguage":"sv-SE","potentialAction":[{"@type":"ReadAction","target":["https:\/\/mobilefutures.fi\/events\/uusi-demography-talks-webinaarisarja-tarjoaa-tutkittua-tietoa-vaeston-muutoksista\/"]}]},{"@type":"ImageObject","inLanguage":"sv-SE","@id":"https:\/\/mobilefutures.fi\/events\/uusi-demography-talks-webinaarisarja-tarjoaa-tutkittua-tietoa-vaeston-muutoksista\/#primaryimage","url":"https:\/\/i0.wp.com\/mobilefutures.fi\/wp-content\/uploads\/2023\/04\/DEMO-TALKS-2.png?fit=1921%2C800&ssl=1","contentUrl":"https:\/\/i0.wp.com\/mobilefutures.fi\/wp-content\/uploads\/2023\/04\/DEMO-TALKS-2.png?fit=1921%2C800&ssl=1","width":1921,"height":800},{"@type":"BreadcrumbList","@id":"https:\/\/mobilefutures.fi\/events\/uusi-demography-talks-webinaarisarja-tarjoaa-tutkittua-tietoa-vaeston-muutoksista\/#breadcrumb","itemListElement":[{"@type":"ListItem","position":1,"name":"Home","item":"https:\/\/mobilefutures.fi\/"},{"@type":"ListItem","position":2,"name":"Uusi DEMOGRAPHY Talks -webinaarisarja tarjoaa tutkittua tietoa v\u00e4est\u00f6n&nbsp;muutoksista"}]},{"@type":"WebSite","@id":"https:\/\/mobilefutures.fi\/#website","url":"https:\/\/mobilefutures.fi\/","name":"Mobile Futures","description":"M\u00e5ngfald, f\u00f6rtroende och tv\u00e5v\u00e4gsintegration","publisher":{"@id":"https:\/\/mobilefutures.fi\/#organization"},"potentialAction":[{"@type":"SearchAction","target":{"@type":"EntryPoint","urlTemplate":"https:\/\/mobilefutures.fi\/?s={search_term_string}"},"query-input":{"@type":"PropertyValueSpecification","valueRequired":true,"valueName":"search_term_string"}}],"inLanguage":"sv-SE"},{"@type":"Organization","@id":"https:\/\/mobilefutures.fi\/#organization","name":"Mobile Futures","url":"https:\/\/mobilefutures.fi\/","logo":{"@type":"ImageObject","inLanguage":"sv-SE","@id":"https:\/\/mobilefutures.fi\/#\/schema\/logo\/image\/","url":"https:\/\/i0.wp.com\/mobilefutures.fi\/wp-content\/uploads\/2022\/02\/Logo-black-1.png?fit=4383%2C2000&ssl=1","contentUrl":"https:\/\/i0.wp.com\/mobilefutures.fi\/wp-content\/uploads\/2022\/02\/Logo-black-1.png?fit=4383%2C2000&ssl=1","width":4383,"height":2000,"caption":"Mobile Futures"},"image":{"@id":"https:\/\/mobilefutures.fi\/#\/schema\/logo\/image\/"},"sameAs":["https:\/\/www.facebook.com\/MobileFuturesFI","https:\/\/x.com\/MobileFuturesFI"]},{"@type":"Person","@id":"https:\/\/mobilefutures.fi\/#\/schema\/person\/24ce1a93b81664772102c36fe51ff958","name":"mbilefutures","image":{"@type":"ImageObject","inLanguage":"sv-SE","@id":"https:\/\/secure.gravatar.com\/avatar\/776a939f94d2888df04ac6b79f0785650f4a4e1bf61fe226509adec0424ed7cd?s=96&d=identicon&r=g","url":"https:\/\/secure.gravatar.com\/avatar\/776a939f94d2888df04ac6b79f0785650f4a4e1bf61fe226509adec0424ed7cd?s=96&d=identicon&r=g","contentUrl":"https:\/\/secure.gravatar.com\/avatar\/776a939f94d2888df04ac6b79f0785650f4a4e1bf61fe226509adec0424ed7cd?s=96&d=identicon&r=g","caption":"mbilefutures"},"sameAs":["http:\/\/mobilefutures720100823.wordpress.com"],"url":"https:\/\/mobilefutures.fi\/sv\/author\/mbilefutures\/"}]}},"jetpack_publicize_connections":[],"jetpack_featured_media_url":"https:\/\/i0.wp.com\/mobilefutures.fi\/wp-content\/uploads\/2023\/04\/DEMO-TALKS-2.png?fit=1921%2C800&ssl=1","jetpack_likes_enabled":false,"jetpack_sharing_enabled":true,"jetpack_shortlink":"https:\/\/wp.me\/pdClTx-GB","_links":{"self":[{"href":"https:\/\/mobilefutures.fi\/sv\/wp-json\/wp\/v2\/posts\/2641","targetHints":{"allow":["GET"]}}],"collection":[{"href":"https:\/\/mobilefutures.fi\/sv\/wp-json\/wp\/v2\/posts"}],"about":[{"href":"https:\/\/mobilefutures.fi\/sv\/wp-json\/wp\/v2\/types\/post"}],"author":[{"embeddable":true,"href":"https:\/\/mobilefutures.fi\/sv\/wp-json\/wp\/v2\/users\/215458246"}],"replies":[{"embeddable":true,"href":"https:\/\/mobilefutures.fi\/sv\/wp-json\/wp\/v2\/comments?post=2641"}],"version-history":[{"count":11,"href":"https:\/\/mobilefutures.fi\/sv\/wp-json\/wp\/v2\/posts\/2641\/revisions"}],"predecessor-version":[{"id":2671,"href":"https:\/\/mobilefutures.fi\/sv\/wp-json\/wp\/v2\/posts\/2641\/revisions\/2671"}],"wp:featuredmedia":[{"embeddable":true,"href":"https:\/\/mobilefutures.fi\/sv\/wp-json\/wp\/v2\/media\/2655"}],"wp:attachment":[{"href":"https:\/\/mobilefutures.fi\/sv\/wp-json\/wp\/v2\/media?parent=2641"}],"wp:term":[{"taxonomy":"category","embeddable":true,"href":"https:\/\/mobilefutures.fi\/sv\/wp-json\/wp\/v2\/categories?post=2641"},{"taxonomy":"post_tag","embeddable":true,"href":"https:\/\/mobilefutures.fi\/sv\/wp-json\/wp\/v2\/tags?post=2641"}],"curies":[{"name":"wp","href":"https:\/\/api.w.org\/{rel}","templated":true}]}}