{"id":2999,"date":"2023-10-03T09:27:53","date_gmt":"2023-10-03T06:27:53","guid":{"rendered":"https:\/\/mobilefutures.fi\/?p=2999"},"modified":"2023-10-31T12:54:25","modified_gmt":"2023-10-31T10:54:25","slug":"tunnistaako-hallitusvaestorakenteen-muutoksen-vakavuuden","status":"publish","type":"post","link":"https:\/\/mobilefutures.fi\/sv\/news\/tunnistaako-hallitusvaestorakenteen-muutoksen-vakavuuden\/","title":{"rendered":"Tunnistaako hallitus v\u00e4est\u00f6rakenteen muutoksen vakavuuden?"},"content":{"rendered":"<p class=\"wp-block-paragraph\">DEMOGRAPHY-tutkijat tapasivat ministeri\u00f6iden virkahenkil\u00f6it\u00e4 ja puivat heid\u00e4n kanssaan uuden hallitusohjelman sis\u00e4lt\u00f6\u00e4, toimeenpanoa ja tietotarpeita.<\/p>\n\n\n\n<p class=\"wp-block-paragraph\">Suomen v\u00e4est\u00f6nkehitys saa&nbsp;<strong>Petteri Orpon<\/strong>&nbsp;hallituksen ohjelmassa melko v\u00e4h\u00e4n huomiota. Ohjelmassa tunnistetaan, ett\u00e4 v\u00e4est\u00f6n ik\u00e4\u00e4ntyminen haastaa yhteiskunnan kest\u00e4vyyden, mutta konkreettiset toimet tilanteeseen vaikuttamiseksi tai sopeutumiseksi j\u00e4\u00e4v\u00e4t niukoiksi. Suunnitellut toimenpiteet ovat yleisluontoisia ja osin ristiriidassa kesken\u00e4\u00e4n.<\/p>\n\n\n\n<p class=\"wp-block-paragraph\">- Tunnistaako hallitus oikeasti, miten vakava haaste v\u00e4est\u00f6rakenteen muutos on Suomen yhteiskunnalle? strategisen tutkimuksen DEMOGRAPHY-ohjelman johtaja&nbsp;<strong>Susan Kuivalainen<\/strong>&nbsp;kysyy.<\/p>\n\n\n\n<p class=\"wp-block-paragraph\">DEMOGRAPHY-ohjelman tutkijat tapasivat v\u00e4est\u00f6teemojen parissa ty\u00f6skentelevi\u00e4 virkahenkil\u00f6it\u00e4 eri ministeri\u00f6ist\u00e4 25. syyskuuta Helsingiss\u00e4. Tapaamisen tavoitteena oli rakentaa yhteist\u00e4 k\u00e4sityst\u00e4 uuden hallitusohjelman sis\u00e4ll\u00f6st\u00e4 ja siit\u00e4, mit\u00e4 tutkimustietoa ohjelman toimeenpanossa tarvitaan. Samalla vahvistimme tutkijoiden ja virkakunnan v\u00e4list\u00e4 vuoropuhelua ja loimme pohjaa tulevalle yhteydenpidolle.<\/p>\n\n\n\n<h6 class=\"wp-block-heading\">V\u00e4est\u00f6kysymykset vaativat laaja-alaista tarkastelua<\/h6>\n\n\n\n<p class=\"wp-block-paragraph\">Tapaamisessa keskustelimme muun muassa v\u00e4est\u00f6poliittisesta selonteosta, jonka laatimisen hallitus mainitsee ohjelmassaan. Siin\u00e4 on tarkoitus k\u00e4sitell\u00e4 lapsiperheiden hyvinvointia, toimeentuloa, ty\u00f6n ja perheen yhteensovittamista sek\u00e4 tahattomasti lapsettomien tilannetta. Lis\u00e4ksi hallitus k\u00e4ynnist\u00e4\u00e4 tulevaisuusty\u00f6n, jonka tavoitteena on l\u00f6yt\u00e4\u00e4 n\u00e4kym\u00e4 siit\u00e4, millaisen maan haluamme rakentaa tuleville sukupolville.<\/p>\n\n\n\n<p class=\"wp-block-paragraph\">Neuvotteleva virkamies&nbsp;<strong>Jouni Varanka<\/strong>&nbsp;valtioneuvoston kanslian strategiaosastolta toivoo, ett\u00e4 v\u00e4est\u00f6poliittisessa selonteossa tarkasteltaisiin v\u00e4est\u00f6nkehityst\u00e4 laaja-alaisesti, ei vain esimerkiksi perhe-etuuksien n\u00e4k\u00f6kulmasta.<\/p>\n\n\n\n<p class=\"wp-block-paragraph\">- V\u00e4est\u00f6rakenteen muutos yhdess\u00e4 vihre\u00e4n siirtym\u00e4n kanssa asettaa isoja paineita julkiselle taloudelle. Ty\u00f6voiman saatavuus on tulevaisuuden suuri kysymys, ja maahanmuuttoa koskeva yhteiskunnallinen keskustelu on viel\u00e4 kesken.<\/p>\n\n\n\n<p class=\"wp-block-paragraph\">Ministeri\u00f6iden edustajat kertoivat tapaamisessa hallitusohjelman toimeenpanon etenemisest\u00e4 ja v\u00e4est\u00f6nkehityksen roolista oman ministeri\u00f6ns\u00e4 ty\u00f6ss\u00e4. Pienryhm\u00e4keskusteluissa pureuduttiin tarkemmin syntyvyyteen, ty\u00f6ik\u00e4iseen v\u00e4est\u00f6\u00f6n, maahanmuuttoon, ik\u00e4\u00e4ntyv\u00e4\u00e4n v\u00e4est\u00f6\u00f6n ja alueellisiin eroihin.<\/p>\n\n\n\n<p class=\"wp-block-paragraph\">Tilaisuuteen osallistui tutkijoita jokaisesta&nbsp;<a href=\"https:\/\/demography.fi\/ohjelma\/hankkeet\/\">DEMOGRAFI-ohjelman hankkeesta<\/a>&nbsp;sek\u00e4 edustajat opetus- ja kulttuuriministeri\u00f6st\u00e4, sis\u00e4ministeri\u00f6st\u00e4, sosiaali- ja terveysministeri\u00f6st\u00e4, ty\u00f6- ja elinkeinoministeri\u00f6st\u00e4, valtioneuvoston kansliasta, valtiovarainministeri\u00f6st\u00e4 ja ymp\u00e4rist\u00f6ministeri\u00f6st\u00e4.<\/p>\n\n\n\n<hr class=\"wp-block-separator has-alpha-channel-opacity\"\/>\n\n\n\n<p class=\"wp-block-paragraph\"><em>Suomen v\u00e4est\u00f6 ik\u00e4\u00e4ntyy, syntyvyys laskee ja ty\u00f6ik\u00e4isten m\u00e4\u00e4r\u00e4 v\u00e4henee. V\u00e4est\u00f6nkehityksess\u00e4 on kyse perustavanlaatuisista muutoksista, jotka vaikuttavat laaja-alaisesti yhteiskuntaamme, talouteemme ja ihmisten el\u00e4m\u00e4\u00e4n. DEMOGRAFI-ohjelman hankkeet tutkivat, miten v\u00e4est\u00f6lliset muutokset muokkaavat suomalaista yhteiskuntaa ja miten muutoksiin voidaan vaikuttaa ja sopeutua.<\/em><\/p>\n\n\n\n<p class=\"wp-block-paragraph\"><\/p>","protected":false},"excerpt":{"rendered":"<p>DEMOGRAPHY-tutkijat tapasivat ministeri\u00f6iden virkahenkil\u00f6it\u00e4 ja puivat heid\u00e4n kanssaan uuden hallitusohjelman sis\u00e4lt\u00f6\u00e4, toimeenpanoa ja tietotarpeita. Suomen v\u00e4est\u00f6nkehitys saa&nbsp;Petteri Orpon&nbsp;hallituksen ohjelmassa melko v\u00e4h\u00e4n huomiota. Ohjelmassa tunnistetaan, ett\u00e4 v\u00e4est\u00f6n ik\u00e4\u00e4ntyminen haastaa yhteiskunnan kest\u00e4vyyden, mutta konkreettiset toimet tilanteeseen vaikuttamiseksi tai sopeutumiseksi j\u00e4\u00e4v\u00e4t niukoiksi. Suunnitellut toimenpiteet ovat yleisluontoisia ja osin ristiriidassa kesken\u00e4\u00e4n. \u2013 Tunnistaako hallitus oikeasti, miten vakava haaste v\u00e4est\u00f6rakenteen [&hellip;]<\/p>\n","protected":false},"author":215458246,"featured_media":3001,"comment_status":"open","ping_status":"closed","sticky":false,"template":"","format":"standard","meta":{"_crdt_document":"","inline_featured_image":false,"_jetpack_newsletter_access":"","_jetpack_dont_email_post_to_subs":false,"_jetpack_newsletter_tier_id":0,"_jetpack_memberships_contains_paywalled_content":false,"_jetpack_memberships_contains_paid_content":false,"footnotes":"","jetpack_publicize_message":"","jetpack_publicize_feature_enabled":true,"jetpack_social_post_already_shared":true,"jetpack_social_options":{"image_generator_settings":{"template":"highway","default_image_id":0,"font":"","enabled":false},"version":2},"_wpas_customize_per_network":false,"jetpack_post_was_ever_published":false},"categories":[1393],"tags":[1429,1445],"class_list":["post-2999","post","type-post","status-publish","format-standard","has-post-thumbnail","hentry","category-news","tag-demographystn","tag-yhteistyo"],"yoast_head":"<!-- This site is optimized with the Yoast SEO plugin v27.5 - https:\/\/yoast.com\/product\/yoast-seo-wordpress\/ -->\n<title>Tunnistaako hallitus v\u00e4est\u00f6rakenteen muutoksen vakavuuden? &#8211; News Mobile Futures<\/title>\n<meta name=\"description\" content=\"DEMOGRAPHY-tutkijat tapasivat ministeri\u00f6iden virkahenkil\u00f6it\u00e4 ja puivat heid\u00e4n kanssaan uuden hallitusohjelman sis\u00e4lt\u00f6\u00e4, toimeenpanoa ja tietotarpeita.\" \/>\n<meta name=\"robots\" content=\"index, follow, max-snippet:-1, max-image-preview:large, max-video-preview:-1\" \/>\n<link rel=\"canonical\" href=\"https:\/\/mobilefutures.fi\/sv\/news\/tunnistaako-hallitusvaestorakenteen-muutoksen-vakavuuden\/\" \/>\n<meta property=\"og:locale\" content=\"sv_SE\" \/>\n<meta property=\"og:type\" content=\"article\" \/>\n<meta property=\"og:title\" content=\"Tunnistaako hallitus v\u00e4est\u00f6rakenteen muutoksen vakavuuden? &#8211; News Mobile Futures\" \/>\n<meta property=\"og:description\" content=\"DEMOGRAPHY-tutkijat tapasivat ministeri\u00f6iden virkahenkil\u00f6it\u00e4 ja puivat heid\u00e4n kanssaan uuden hallitusohjelman sis\u00e4lt\u00f6\u00e4, toimeenpanoa ja tietotarpeita.\" \/>\n<meta property=\"og:url\" content=\"https:\/\/mobilefutures.fi\/sv\/news\/tunnistaako-hallitusvaestorakenteen-muutoksen-vakavuuden\/\" \/>\n<meta property=\"og:site_name\" content=\"Mobile Futures\" \/>\n<meta property=\"article:publisher\" content=\"https:\/\/www.facebook.com\/MobileFuturesFI\" \/>\n<meta property=\"article:published_time\" content=\"2023-10-03T06:27:53+00:00\" \/>\n<meta property=\"article:modified_time\" content=\"2023-10-31T10:54:25+00:00\" \/>\n<meta property=\"og:image\" content=\"https:\/\/i0.wp.com\/mobilefutures.fi\/wp-content\/uploads\/2023\/10\/Hallitusohjelmatapaaminen-1536x983-1.jpg?fit=1536%2C983&ssl=1\" \/>\n\t<meta property=\"og:image:width\" content=\"1536\" \/>\n\t<meta property=\"og:image:height\" content=\"983\" \/>\n\t<meta property=\"og:image:type\" content=\"image\/jpeg\" \/>\n<meta name=\"author\" content=\"mbilefutures\" \/>\n<meta name=\"twitter:card\" content=\"summary_large_image\" \/>\n<meta name=\"twitter:creator\" content=\"@MobileFuturesFI\" \/>\n<meta name=\"twitter:site\" content=\"@MobileFuturesFI\" \/>\n<meta name=\"twitter:label1\" content=\"Skriven av\" \/>\n\t<meta name=\"twitter:data1\" content=\"mbilefutures\" \/>\n\t<meta name=\"twitter:label2\" content=\"Ber\u00e4knad l\u00e4stid\" \/>\n\t<meta name=\"twitter:data2\" content=\"2 minuter\" \/>\n<script type=\"application\/ld+json\" class=\"yoast-schema-graph\">{\"@context\":\"https:\\\/\\\/schema.org\",\"@graph\":[{\"@type\":\"Article\",\"@id\":\"https:\\\/\\\/mobilefutures.fi\\\/news\\\/tunnistaako-hallitusvaestorakenteen-muutoksen-vakavuuden\\\/#article\",\"isPartOf\":{\"@id\":\"https:\\\/\\\/mobilefutures.fi\\\/news\\\/tunnistaako-hallitusvaestorakenteen-muutoksen-vakavuuden\\\/\"},\"author\":{\"name\":\"mbilefutures\",\"@id\":\"https:\\\/\\\/mobilefutures.fi\\\/#\\\/schema\\\/person\\\/24ce1a93b81664772102c36fe51ff958\"},\"headline\":\"Tunnistaako hallitus v\u00e4est\u00f6rakenteen muutoksen&nbsp;vakavuuden?\",\"datePublished\":\"2023-10-03T06:27:53+00:00\",\"dateModified\":\"2023-10-31T10:54:25+00:00\",\"mainEntityOfPage\":{\"@id\":\"https:\\\/\\\/mobilefutures.fi\\\/news\\\/tunnistaako-hallitusvaestorakenteen-muutoksen-vakavuuden\\\/\"},\"wordCount\":381,\"commentCount\":0,\"publisher\":{\"@id\":\"https:\\\/\\\/mobilefutures.fi\\\/#organization\"},\"image\":{\"@id\":\"https:\\\/\\\/mobilefutures.fi\\\/news\\\/tunnistaako-hallitusvaestorakenteen-muutoksen-vakavuuden\\\/#primaryimage\"},\"thumbnailUrl\":\"https:\\\/\\\/i0.wp.com\\\/mobilefutures.fi\\\/wp-content\\\/uploads\\\/2023\\\/10\\\/Hallitusohjelmatapaaminen-1536x983-1.jpg?fit=1536%2C983&ssl=1\",\"keywords\":[\"DemographySTN\",\"yhteisty\u00f6\"],\"articleSection\":[\"News\"],\"inLanguage\":\"sv-SE\",\"potentialAction\":[{\"@type\":\"CommentAction\",\"name\":\"Comment\",\"target\":[\"https:\\\/\\\/mobilefutures.fi\\\/news\\\/tunnistaako-hallitusvaestorakenteen-muutoksen-vakavuuden\\\/#respond\"]}]},{\"@type\":\"WebPage\",\"@id\":\"https:\\\/\\\/mobilefutures.fi\\\/news\\\/tunnistaako-hallitusvaestorakenteen-muutoksen-vakavuuden\\\/\",\"url\":\"https:\\\/\\\/mobilefutures.fi\\\/news\\\/tunnistaako-hallitusvaestorakenteen-muutoksen-vakavuuden\\\/\",\"name\":\"Tunnistaako hallitus v\u00e4est\u00f6rakenteen muutoksen vakavuuden? &#8211; News Mobile Futures\",\"isPartOf\":{\"@id\":\"https:\\\/\\\/mobilefutures.fi\\\/#website\"},\"primaryImageOfPage\":{\"@id\":\"https:\\\/\\\/mobilefutures.fi\\\/news\\\/tunnistaako-hallitusvaestorakenteen-muutoksen-vakavuuden\\\/#primaryimage\"},\"image\":{\"@id\":\"https:\\\/\\\/mobilefutures.fi\\\/news\\\/tunnistaako-hallitusvaestorakenteen-muutoksen-vakavuuden\\\/#primaryimage\"},\"thumbnailUrl\":\"https:\\\/\\\/i0.wp.com\\\/mobilefutures.fi\\\/wp-content\\\/uploads\\\/2023\\\/10\\\/Hallitusohjelmatapaaminen-1536x983-1.jpg?fit=1536%2C983&ssl=1\",\"datePublished\":\"2023-10-03T06:27:53+00:00\",\"dateModified\":\"2023-10-31T10:54:25+00:00\",\"description\":\"DEMOGRAPHY-tutkijat tapasivat ministeri\u00f6iden virkahenkil\u00f6it\u00e4 ja puivat heid\u00e4n kanssaan uuden hallitusohjelman sis\u00e4lt\u00f6\u00e4, toimeenpanoa ja tietotarpeita.\",\"breadcrumb\":{\"@id\":\"https:\\\/\\\/mobilefutures.fi\\\/news\\\/tunnistaako-hallitusvaestorakenteen-muutoksen-vakavuuden\\\/#breadcrumb\"},\"inLanguage\":\"sv-SE\",\"potentialAction\":[{\"@type\":\"ReadAction\",\"target\":[\"https:\\\/\\\/mobilefutures.fi\\\/news\\\/tunnistaako-hallitusvaestorakenteen-muutoksen-vakavuuden\\\/\"]}]},{\"@type\":\"ImageObject\",\"inLanguage\":\"sv-SE\",\"@id\":\"https:\\\/\\\/mobilefutures.fi\\\/news\\\/tunnistaako-hallitusvaestorakenteen-muutoksen-vakavuuden\\\/#primaryimage\",\"url\":\"https:\\\/\\\/i0.wp.com\\\/mobilefutures.fi\\\/wp-content\\\/uploads\\\/2023\\\/10\\\/Hallitusohjelmatapaaminen-1536x983-1.jpg?fit=1536%2C983&ssl=1\",\"contentUrl\":\"https:\\\/\\\/i0.wp.com\\\/mobilefutures.fi\\\/wp-content\\\/uploads\\\/2023\\\/10\\\/Hallitusohjelmatapaaminen-1536x983-1.jpg?fit=1536%2C983&ssl=1\",\"width\":1536,\"height\":983},{\"@type\":\"BreadcrumbList\",\"@id\":\"https:\\\/\\\/mobilefutures.fi\\\/news\\\/tunnistaako-hallitusvaestorakenteen-muutoksen-vakavuuden\\\/#breadcrumb\",\"itemListElement\":[{\"@type\":\"ListItem\",\"position\":1,\"name\":\"Home\",\"item\":\"https:\\\/\\\/mobilefutures.fi\\\/\"},{\"@type\":\"ListItem\",\"position\":2,\"name\":\"Tunnistaako hallitus v\u00e4est\u00f6rakenteen muutoksen&nbsp;vakavuuden?\"}]},{\"@type\":\"WebSite\",\"@id\":\"https:\\\/\\\/mobilefutures.fi\\\/#website\",\"url\":\"https:\\\/\\\/mobilefutures.fi\\\/\",\"name\":\"Mobile Futures\",\"description\":\"Diversity, Trust and Two-Way Integration\",\"publisher\":{\"@id\":\"https:\\\/\\\/mobilefutures.fi\\\/#organization\"},\"potentialAction\":[{\"@type\":\"SearchAction\",\"target\":{\"@type\":\"EntryPoint\",\"urlTemplate\":\"https:\\\/\\\/mobilefutures.fi\\\/?s={search_term_string}\"},\"query-input\":{\"@type\":\"PropertyValueSpecification\",\"valueRequired\":true,\"valueName\":\"search_term_string\"}}],\"inLanguage\":\"sv-SE\"},{\"@type\":\"Organization\",\"@id\":\"https:\\\/\\\/mobilefutures.fi\\\/#organization\",\"name\":\"Mobile Futures\",\"url\":\"https:\\\/\\\/mobilefutures.fi\\\/\",\"logo\":{\"@type\":\"ImageObject\",\"inLanguage\":\"sv-SE\",\"@id\":\"https:\\\/\\\/mobilefutures.fi\\\/#\\\/schema\\\/logo\\\/image\\\/\",\"url\":\"https:\\\/\\\/i0.wp.com\\\/mobilefutures.fi\\\/wp-content\\\/uploads\\\/2022\\\/02\\\/Logo-black-1.png?fit=4383%2C2000&ssl=1\",\"contentUrl\":\"https:\\\/\\\/i0.wp.com\\\/mobilefutures.fi\\\/wp-content\\\/uploads\\\/2022\\\/02\\\/Logo-black-1.png?fit=4383%2C2000&ssl=1\",\"width\":4383,\"height\":2000,\"caption\":\"Mobile Futures\"},\"image\":{\"@id\":\"https:\\\/\\\/mobilefutures.fi\\\/#\\\/schema\\\/logo\\\/image\\\/\"},\"sameAs\":[\"https:\\\/\\\/www.facebook.com\\\/MobileFuturesFI\",\"https:\\\/\\\/x.com\\\/MobileFuturesFI\"]},{\"@type\":\"Person\",\"@id\":\"https:\\\/\\\/mobilefutures.fi\\\/#\\\/schema\\\/person\\\/24ce1a93b81664772102c36fe51ff958\",\"name\":\"mbilefutures\",\"image\":{\"@type\":\"ImageObject\",\"inLanguage\":\"sv-SE\",\"@id\":\"https:\\\/\\\/secure.gravatar.com\\\/avatar\\\/776a939f94d2888df04ac6b79f0785650f4a4e1bf61fe226509adec0424ed7cd?s=96&d=identicon&r=g\",\"url\":\"https:\\\/\\\/secure.gravatar.com\\\/avatar\\\/776a939f94d2888df04ac6b79f0785650f4a4e1bf61fe226509adec0424ed7cd?s=96&d=identicon&r=g\",\"contentUrl\":\"https:\\\/\\\/secure.gravatar.com\\\/avatar\\\/776a939f94d2888df04ac6b79f0785650f4a4e1bf61fe226509adec0424ed7cd?s=96&d=identicon&r=g\",\"caption\":\"mbilefutures\"},\"sameAs\":[\"http:\\\/\\\/mobilefutures720100823.wordpress.com\"],\"url\":\"https:\\\/\\\/mobilefutures.fi\\\/sv\\\/author\\\/mbilefutures\\\/\"}]}<\/script>\n<!-- \/ Yoast SEO plugin. -->","yoast_head_json":{"title":"Tunnistaako hallitus v\u00e4est\u00f6rakenteen muutoksen vakavuuden? &#8211; News Mobile Futures","description":"DEMOGRAPHY-tutkijat tapasivat ministeri\u00f6iden virkahenkil\u00f6it\u00e4 ja puivat heid\u00e4n kanssaan uuden hallitusohjelman sis\u00e4lt\u00f6\u00e4, toimeenpanoa ja tietotarpeita.","robots":{"index":"index","follow":"follow","max-snippet":"max-snippet:-1","max-image-preview":"max-image-preview:large","max-video-preview":"max-video-preview:-1"},"canonical":"https:\/\/mobilefutures.fi\/sv\/news\/tunnistaako-hallitusvaestorakenteen-muutoksen-vakavuuden\/","og_locale":"sv_SE","og_type":"article","og_title":"Tunnistaako hallitus v\u00e4est\u00f6rakenteen muutoksen vakavuuden? &#8211; News Mobile Futures","og_description":"DEMOGRAPHY-tutkijat tapasivat ministeri\u00f6iden virkahenkil\u00f6it\u00e4 ja puivat heid\u00e4n kanssaan uuden hallitusohjelman sis\u00e4lt\u00f6\u00e4, toimeenpanoa ja tietotarpeita.","og_url":"https:\/\/mobilefutures.fi\/sv\/news\/tunnistaako-hallitusvaestorakenteen-muutoksen-vakavuuden\/","og_site_name":"Mobile Futures","article_publisher":"https:\/\/www.facebook.com\/MobileFuturesFI","article_published_time":"2023-10-03T06:27:53+00:00","article_modified_time":"2023-10-31T10:54:25+00:00","og_image":[{"width":1536,"height":983,"url":"https:\/\/i0.wp.com\/mobilefutures.fi\/wp-content\/uploads\/2023\/10\/Hallitusohjelmatapaaminen-1536x983-1.jpg?fit=1536%2C983&ssl=1","type":"image\/jpeg"}],"author":"mbilefutures","twitter_card":"summary_large_image","twitter_creator":"@MobileFuturesFI","twitter_site":"@MobileFuturesFI","twitter_misc":{"Skriven av":"mbilefutures","Ber\u00e4knad l\u00e4stid":"2 minuter"},"schema":{"@context":"https:\/\/schema.org","@graph":[{"@type":"Article","@id":"https:\/\/mobilefutures.fi\/news\/tunnistaako-hallitusvaestorakenteen-muutoksen-vakavuuden\/#article","isPartOf":{"@id":"https:\/\/mobilefutures.fi\/news\/tunnistaako-hallitusvaestorakenteen-muutoksen-vakavuuden\/"},"author":{"name":"mbilefutures","@id":"https:\/\/mobilefutures.fi\/#\/schema\/person\/24ce1a93b81664772102c36fe51ff958"},"headline":"Tunnistaako hallitus v\u00e4est\u00f6rakenteen muutoksen&nbsp;vakavuuden?","datePublished":"2023-10-03T06:27:53+00:00","dateModified":"2023-10-31T10:54:25+00:00","mainEntityOfPage":{"@id":"https:\/\/mobilefutures.fi\/news\/tunnistaako-hallitusvaestorakenteen-muutoksen-vakavuuden\/"},"wordCount":381,"commentCount":0,"publisher":{"@id":"https:\/\/mobilefutures.fi\/#organization"},"image":{"@id":"https:\/\/mobilefutures.fi\/news\/tunnistaako-hallitusvaestorakenteen-muutoksen-vakavuuden\/#primaryimage"},"thumbnailUrl":"https:\/\/i0.wp.com\/mobilefutures.fi\/wp-content\/uploads\/2023\/10\/Hallitusohjelmatapaaminen-1536x983-1.jpg?fit=1536%2C983&ssl=1","keywords":["DemographySTN","yhteisty\u00f6"],"articleSection":["News"],"inLanguage":"sv-SE","potentialAction":[{"@type":"CommentAction","name":"Comment","target":["https:\/\/mobilefutures.fi\/news\/tunnistaako-hallitusvaestorakenteen-muutoksen-vakavuuden\/#respond"]}]},{"@type":"WebPage","@id":"https:\/\/mobilefutures.fi\/news\/tunnistaako-hallitusvaestorakenteen-muutoksen-vakavuuden\/","url":"https:\/\/mobilefutures.fi\/news\/tunnistaako-hallitusvaestorakenteen-muutoksen-vakavuuden\/","name":"Tunnistaako hallitus v\u00e4est\u00f6rakenteen muutoksen vakavuuden? &#8211; News Mobile Futures","isPartOf":{"@id":"https:\/\/mobilefutures.fi\/#website"},"primaryImageOfPage":{"@id":"https:\/\/mobilefutures.fi\/news\/tunnistaako-hallitusvaestorakenteen-muutoksen-vakavuuden\/#primaryimage"},"image":{"@id":"https:\/\/mobilefutures.fi\/news\/tunnistaako-hallitusvaestorakenteen-muutoksen-vakavuuden\/#primaryimage"},"thumbnailUrl":"https:\/\/i0.wp.com\/mobilefutures.fi\/wp-content\/uploads\/2023\/10\/Hallitusohjelmatapaaminen-1536x983-1.jpg?fit=1536%2C983&ssl=1","datePublished":"2023-10-03T06:27:53+00:00","dateModified":"2023-10-31T10:54:25+00:00","description":"DEMOGRAPHY-tutkijat tapasivat ministeri\u00f6iden virkahenkil\u00f6it\u00e4 ja puivat heid\u00e4n kanssaan uuden hallitusohjelman sis\u00e4lt\u00f6\u00e4, toimeenpanoa ja tietotarpeita.","breadcrumb":{"@id":"https:\/\/mobilefutures.fi\/news\/tunnistaako-hallitusvaestorakenteen-muutoksen-vakavuuden\/#breadcrumb"},"inLanguage":"sv-SE","potentialAction":[{"@type":"ReadAction","target":["https:\/\/mobilefutures.fi\/news\/tunnistaako-hallitusvaestorakenteen-muutoksen-vakavuuden\/"]}]},{"@type":"ImageObject","inLanguage":"sv-SE","@id":"https:\/\/mobilefutures.fi\/news\/tunnistaako-hallitusvaestorakenteen-muutoksen-vakavuuden\/#primaryimage","url":"https:\/\/i0.wp.com\/mobilefutures.fi\/wp-content\/uploads\/2023\/10\/Hallitusohjelmatapaaminen-1536x983-1.jpg?fit=1536%2C983&ssl=1","contentUrl":"https:\/\/i0.wp.com\/mobilefutures.fi\/wp-content\/uploads\/2023\/10\/Hallitusohjelmatapaaminen-1536x983-1.jpg?fit=1536%2C983&ssl=1","width":1536,"height":983},{"@type":"BreadcrumbList","@id":"https:\/\/mobilefutures.fi\/news\/tunnistaako-hallitusvaestorakenteen-muutoksen-vakavuuden\/#breadcrumb","itemListElement":[{"@type":"ListItem","position":1,"name":"Home","item":"https:\/\/mobilefutures.fi\/"},{"@type":"ListItem","position":2,"name":"Tunnistaako hallitus v\u00e4est\u00f6rakenteen muutoksen&nbsp;vakavuuden?"}]},{"@type":"WebSite","@id":"https:\/\/mobilefutures.fi\/#website","url":"https:\/\/mobilefutures.fi\/","name":"Mobile Futures","description":"M\u00e5ngfald, f\u00f6rtroende och tv\u00e5v\u00e4gsintegration","publisher":{"@id":"https:\/\/mobilefutures.fi\/#organization"},"potentialAction":[{"@type":"SearchAction","target":{"@type":"EntryPoint","urlTemplate":"https:\/\/mobilefutures.fi\/?s={search_term_string}"},"query-input":{"@type":"PropertyValueSpecification","valueRequired":true,"valueName":"search_term_string"}}],"inLanguage":"sv-SE"},{"@type":"Organization","@id":"https:\/\/mobilefutures.fi\/#organization","name":"Mobile Futures","url":"https:\/\/mobilefutures.fi\/","logo":{"@type":"ImageObject","inLanguage":"sv-SE","@id":"https:\/\/mobilefutures.fi\/#\/schema\/logo\/image\/","url":"https:\/\/i0.wp.com\/mobilefutures.fi\/wp-content\/uploads\/2022\/02\/Logo-black-1.png?fit=4383%2C2000&ssl=1","contentUrl":"https:\/\/i0.wp.com\/mobilefutures.fi\/wp-content\/uploads\/2022\/02\/Logo-black-1.png?fit=4383%2C2000&ssl=1","width":4383,"height":2000,"caption":"Mobile Futures"},"image":{"@id":"https:\/\/mobilefutures.fi\/#\/schema\/logo\/image\/"},"sameAs":["https:\/\/www.facebook.com\/MobileFuturesFI","https:\/\/x.com\/MobileFuturesFI"]},{"@type":"Person","@id":"https:\/\/mobilefutures.fi\/#\/schema\/person\/24ce1a93b81664772102c36fe51ff958","name":"mbilefutures","image":{"@type":"ImageObject","inLanguage":"sv-SE","@id":"https:\/\/secure.gravatar.com\/avatar\/776a939f94d2888df04ac6b79f0785650f4a4e1bf61fe226509adec0424ed7cd?s=96&d=identicon&r=g","url":"https:\/\/secure.gravatar.com\/avatar\/776a939f94d2888df04ac6b79f0785650f4a4e1bf61fe226509adec0424ed7cd?s=96&d=identicon&r=g","contentUrl":"https:\/\/secure.gravatar.com\/avatar\/776a939f94d2888df04ac6b79f0785650f4a4e1bf61fe226509adec0424ed7cd?s=96&d=identicon&r=g","caption":"mbilefutures"},"sameAs":["http:\/\/mobilefutures720100823.wordpress.com"],"url":"https:\/\/mobilefutures.fi\/sv\/author\/mbilefutures\/"}]}},"jetpack_publicize_connections":[],"jetpack_featured_media_url":"https:\/\/i0.wp.com\/mobilefutures.fi\/wp-content\/uploads\/2023\/10\/Hallitusohjelmatapaaminen-1536x983-1.jpg?fit=1536%2C983&ssl=1","jetpack_likes_enabled":false,"jetpack_sharing_enabled":true,"jetpack_shortlink":"https:\/\/wp.me\/pdClTx-Mn","_links":{"self":[{"href":"https:\/\/mobilefutures.fi\/sv\/wp-json\/wp\/v2\/posts\/2999","targetHints":{"allow":["GET"]}}],"collection":[{"href":"https:\/\/mobilefutures.fi\/sv\/wp-json\/wp\/v2\/posts"}],"about":[{"href":"https:\/\/mobilefutures.fi\/sv\/wp-json\/wp\/v2\/types\/post"}],"author":[{"embeddable":true,"href":"https:\/\/mobilefutures.fi\/sv\/wp-json\/wp\/v2\/users\/215458246"}],"replies":[{"embeddable":true,"href":"https:\/\/mobilefutures.fi\/sv\/wp-json\/wp\/v2\/comments?post=2999"}],"version-history":[{"count":4,"href":"https:\/\/mobilefutures.fi\/sv\/wp-json\/wp\/v2\/posts\/2999\/revisions"}],"predecessor-version":[{"id":3128,"href":"https:\/\/mobilefutures.fi\/sv\/wp-json\/wp\/v2\/posts\/2999\/revisions\/3128"}],"wp:featuredmedia":[{"embeddable":true,"href":"https:\/\/mobilefutures.fi\/sv\/wp-json\/wp\/v2\/media\/3001"}],"wp:attachment":[{"href":"https:\/\/mobilefutures.fi\/sv\/wp-json\/wp\/v2\/media?parent=2999"}],"wp:term":[{"taxonomy":"category","embeddable":true,"href":"https:\/\/mobilefutures.fi\/sv\/wp-json\/wp\/v2\/categories?post=2999"},{"taxonomy":"post_tag","embeddable":true,"href":"https:\/\/mobilefutures.fi\/sv\/wp-json\/wp\/v2\/tags?post=2999"}],"curies":[{"name":"wp","href":"https:\/\/api.w.org\/{rel}","templated":true}]}}