{"id":3976,"date":"2024-06-19T09:29:08","date_gmt":"2024-06-19T06:29:08","guid":{"rendered":"https:\/\/mobilefutures.fi\/?p=3976"},"modified":"2024-06-19T09:45:35","modified_gmt":"2024-06-19T06:45:35","slug":"mielipidekirjoitus-kaikkien-lasten-turvallisuus-on-yhteinen-asia-pienellakin-antirasistisella-teolla-on-merkitysta-yhteisen-turvallisuuden-luomisessa","status":"publish","type":"post","link":"https:\/\/mobilefutures.fi\/sv\/news\/mielipidekirjoitus-kaikkien-lasten-turvallisuus-on-yhteinen-asia-pienellakin-antirasistisella-teolla-on-merkitysta-yhteisen-turvallisuuden-luomisessa\/","title":{"rendered":"Mielipidekirjoitus: Kaikkien lasten turvallisuus on yhteinen asia - pienell\u00e4kin antirasistisella teolla on merkityst\u00e4 yhteisen turvallisuuden luomisessa"},"content":{"rendered":"<p class=\"wp-block-paragraph\">19.6.2024<\/p>\n\n\n\n<p class=\"wp-block-paragraph\">Mobile Futures -tutkimushankkeen tutkijat yhdess\u00e4 Oulun yliopiston kollegoidensa kanssa ovat huolissaan yhteiskunnassa lis\u00e4\u00e4ntyv\u00e4st\u00e4 v\u00e4kivallasta, joka kumpuaa \u00e4\u00e4rioikeistolaisista asenteista ja rasismin arkip\u00e4iv\u00e4isyydest\u00e4.<br><br>Tutkijoiden mukaan rasismi usein kiellet\u00e4\u00e4n tai sit\u00e4 v\u00e4h\u00e4tell\u00e4\u00e4n, mik\u00e4 est\u00e4\u00e4 tunnistamasta sen vakavia seurauksia. Ajatellaan ett\u00e4 tasa-arvo on jo toteutunut ja n\u00e4in ollen rasisimi ei ik\u00e4\u00e4n kuin koske meit\u00e4.<\/p>\n\n\n\n<p class=\"wp-block-paragraph\">Oulussa tapahtunut lapsen puukotus ei ole yksitt\u00e4inen tapahtuma, vaan osa laajempaa syrjiv\u00e4\u00e4 jatkumoa, jossa tiettyj\u00e4 ryhmi\u00e4 ei n\u00e4hd\u00e4 osana yhteiskuntaa. Jatkumoon kuuluu monia syrjivi\u00e4 rakenteita joiden vuoksi esimerkiksi ihonv\u00e4ri, etninen tausta tai murtaen suomea puhuminen vaikuttavat suuresti yksil\u00f6n mahdollisuuksiin yhteiskunnassa.<br><\/p>\n\n\n\n<h5 class=\"wp-block-heading\">Per\u00e4\u00e4nkuulutetaan toimintakulttuurin muutosta<\/h5>\n\n\n\n<p class=\"wp-block-paragraph\">Tutkijat korostavat, ett\u00e4 vastuu turvallisesta ja antirasistesta yhteiskunnasta on meill\u00e4 kaikilla, varsinkin heill\u00e4 joilla on valtaa. He per\u00e4\u00e4nkuuluttavat toimintakulttuurin muutosta, jossa jokainen lapsi saa kasvaa turvassa, ja muistuttavat, ett\u00e4 pienill\u00e4kin antirasistisilla teoilla on suuri merkitys yhteis\u00f6n turvallisuuden rakentamisessa.<\/p>\n\n\n\n<p class=\"wp-block-paragraph\">Lue 19.06.2024 julkaistu mielipidekirjoitus Kalevan sivuilla: <a href=\"https:\/\/www.kaleva.fi\/kaikkien-lasten-turvallisuus-on-yhteinen-asia-pien\/11021088\">https:\/\/www.kaleva.fi\/kaikkien-lasten-turvallisuus-on-yhteinen-asia-pien\/11021088<\/a><\/p>","protected":false},"excerpt":{"rendered":"<p>Mobile Futures -tutkimushankkeen tutkijat yhdess\u00e4 Oulun yliopiston kollegoidensa kanssa ovat huolissaan yhteiskunnassa lis\u00e4\u00e4ntyv\u00e4st\u00e4 v\u00e4kivallasta, joka kumpuaa \u00e4\u00e4rioikeistolaisista asenteista ja rasismin arkip\u00e4iv\u00e4isyydest\u00e4.<\/p>","protected":false},"author":215458246,"featured_media":3983,"comment_status":"closed","ping_status":"closed","sticky":false,"template":"","format":"standard","meta":{"_crdt_document":"","inline_featured_image":false,"_jetpack_newsletter_access":"","_jetpack_dont_email_post_to_subs":true,"_jetpack_newsletter_tier_id":0,"_jetpack_memberships_contains_paywalled_content":false,"_jetpack_memberships_contains_paid_content":false,"footnotes":"","jetpack_publicize_message":"","jetpack_publicize_feature_enabled":true,"jetpack_social_post_already_shared":true,"jetpack_social_options":{"image_generator_settings":{"template":"highway","default_image_id":0,"font":"","enabled":false},"version":2},"_wpas_customize_per_network":false,"jetpack_post_was_ever_published":false},"categories":[1393],"tags":[1480,1481],"class_list":["post-3976","post","type-post","status-publish","format-standard","has-post-thumbnail","hentry","category-news","tag-media","tag-rasismi"],"yoast_head":"<!-- This site is optimized with the Yoast SEO plugin v27.4 - https:\/\/yoast.com\/product\/yoast-seo-wordpress\/ -->\n<title>Mielipidekirjoitus: Kaikkien lasten turvallisuus on yhteinen asia \u2013 pienell\u00e4kin antirasistisella teolla on merkityst\u00e4 yhteisen turvallisuuden luomisessa &#8211; News Mobile Futures<\/title>\n<meta name=\"description\" content=\"Mobile Futures -tutkimushankkeen tutkijat yhdess\u00e4 Oulun yliopiston kollegoidensa kanssa ovat huolissaan yhteiskunnassa lis\u00e4\u00e4ntyv\u00e4st\u00e4 v\u00e4kivallasta, joka kumpuaa \u00e4\u00e4rioikeistolaisista asenteista ja rasismin arkip\u00e4iv\u00e4isyydest\u00e4.\" \/>\n<meta name=\"robots\" content=\"index, follow, max-snippet:-1, max-image-preview:large, max-video-preview:-1\" \/>\n<link rel=\"canonical\" href=\"https:\/\/mobilefutures.fi\/sv\/news\/mielipidekirjoitus-kaikkien-lasten-turvallisuus-on-yhteinen-asia-pienellakin-antirasistisella-teolla-on-merkitysta-yhteisen-turvallisuuden-luomisessa\/\" \/>\n<meta property=\"og:locale\" content=\"sv_SE\" \/>\n<meta property=\"og:type\" content=\"article\" \/>\n<meta property=\"og:title\" content=\"Mielipidekirjoitus: Kaikkien lasten turvallisuus on yhteinen asia \u2013 pienell\u00e4kin antirasistisella teolla on merkityst\u00e4 yhteisen turvallisuuden luomisessa &#8211; News Mobile Futures\" \/>\n<meta property=\"og:description\" content=\"Mobile Futures -tutkimushankkeen tutkijat yhdess\u00e4 Oulun yliopiston kollegoidensa kanssa ovat huolissaan yhteiskunnassa lis\u00e4\u00e4ntyv\u00e4st\u00e4 v\u00e4kivallasta, joka kumpuaa \u00e4\u00e4rioikeistolaisista asenteista ja rasismin arkip\u00e4iv\u00e4isyydest\u00e4.\" \/>\n<meta property=\"og:url\" content=\"https:\/\/mobilefutures.fi\/sv\/news\/mielipidekirjoitus-kaikkien-lasten-turvallisuus-on-yhteinen-asia-pienellakin-antirasistisella-teolla-on-merkitysta-yhteisen-turvallisuuden-luomisessa\/\" \/>\n<meta property=\"og:site_name\" content=\"Mobile Futures\" \/>\n<meta property=\"article:publisher\" content=\"https:\/\/www.facebook.com\/MobileFuturesFI\" \/>\n<meta property=\"article:published_time\" content=\"2024-06-19T06:29:08+00:00\" \/>\n<meta property=\"article:modified_time\" content=\"2024-06-19T06:45:35+00:00\" \/>\n<meta property=\"og:image\" content=\"https:\/\/mobilefutures.fi\/wp-content\/uploads\/2024\/06\/IxMX1nd8.png\" \/>\n\t<meta property=\"og:image:width\" content=\"1200\" \/>\n\t<meta property=\"og:image:height\" content=\"630\" \/>\n\t<meta property=\"og:image:type\" content=\"image\/png\" \/>\n<meta name=\"author\" content=\"mbilefutures\" \/>\n<meta name=\"twitter:card\" content=\"summary_large_image\" \/>\n<meta name=\"twitter:creator\" content=\"@MobileFuturesFI\" \/>\n<meta name=\"twitter:site\" content=\"@MobileFuturesFI\" \/>\n<meta name=\"twitter:label1\" content=\"Skriven av\" \/>\n\t<meta name=\"twitter:data1\" content=\"mbilefutures\" \/>\n\t<meta name=\"twitter:label2\" content=\"Ber\u00e4knad l\u00e4stid\" \/>\n\t<meta name=\"twitter:data2\" content=\"1 minut\" \/>\n<script type=\"application\/ld+json\" class=\"yoast-schema-graph\">{\"@context\":\"https:\\\/\\\/schema.org\",\"@graph\":[{\"@type\":\"Article\",\"@id\":\"https:\\\/\\\/mobilefutures.fi\\\/news\\\/mielipidekirjoitus-kaikkien-lasten-turvallisuus-on-yhteinen-asia-pienellakin-antirasistisella-teolla-on-merkitysta-yhteisen-turvallisuuden-luomisessa\\\/#article\",\"isPartOf\":{\"@id\":\"https:\\\/\\\/mobilefutures.fi\\\/news\\\/mielipidekirjoitus-kaikkien-lasten-turvallisuus-on-yhteinen-asia-pienellakin-antirasistisella-teolla-on-merkitysta-yhteisen-turvallisuuden-luomisessa\\\/\"},\"author\":{\"name\":\"mbilefutures\",\"@id\":\"https:\\\/\\\/mobilefutures.fi\\\/#\\\/schema\\\/person\\\/24ce1a93b81664772102c36fe51ff958\"},\"headline\":\"Mielipidekirjoitus: Kaikkien lasten turvallisuus on yhteinen asia \u2013 pienell\u00e4kin antirasistisella teolla on merkityst\u00e4 yhteisen turvallisuuden&nbsp;luomisessa\",\"datePublished\":\"2024-06-19T06:29:08+00:00\",\"dateModified\":\"2024-06-19T06:45:35+00:00\",\"mainEntityOfPage\":{\"@id\":\"https:\\\/\\\/mobilefutures.fi\\\/news\\\/mielipidekirjoitus-kaikkien-lasten-turvallisuus-on-yhteinen-asia-pienellakin-antirasistisella-teolla-on-merkitysta-yhteisen-turvallisuuden-luomisessa\\\/\"},\"wordCount\":176,\"publisher\":{\"@id\":\"https:\\\/\\\/mobilefutures.fi\\\/#organization\"},\"image\":{\"@id\":\"https:\\\/\\\/mobilefutures.fi\\\/news\\\/mielipidekirjoitus-kaikkien-lasten-turvallisuus-on-yhteinen-asia-pienellakin-antirasistisella-teolla-on-merkitysta-yhteisen-turvallisuuden-luomisessa\\\/#primaryimage\"},\"thumbnailUrl\":\"https:\\\/\\\/i0.wp.com\\\/mobilefutures.fi\\\/wp-content\\\/uploads\\\/2024\\\/06\\\/IxMX1nd8.png?fit=1200%2C630&ssl=1\",\"keywords\":[\"media\",\"rasismi\"],\"articleSection\":[\"News\"],\"inLanguage\":\"sv-SE\"},{\"@type\":\"WebPage\",\"@id\":\"https:\\\/\\\/mobilefutures.fi\\\/news\\\/mielipidekirjoitus-kaikkien-lasten-turvallisuus-on-yhteinen-asia-pienellakin-antirasistisella-teolla-on-merkitysta-yhteisen-turvallisuuden-luomisessa\\\/\",\"url\":\"https:\\\/\\\/mobilefutures.fi\\\/news\\\/mielipidekirjoitus-kaikkien-lasten-turvallisuus-on-yhteinen-asia-pienellakin-antirasistisella-teolla-on-merkitysta-yhteisen-turvallisuuden-luomisessa\\\/\",\"name\":\"Mielipidekirjoitus: Kaikkien lasten turvallisuus on yhteinen asia \u2013 pienell\u00e4kin antirasistisella teolla on merkityst\u00e4 yhteisen turvallisuuden luomisessa &#8211; News Mobile Futures\",\"isPartOf\":{\"@id\":\"https:\\\/\\\/mobilefutures.fi\\\/#website\"},\"primaryImageOfPage\":{\"@id\":\"https:\\\/\\\/mobilefutures.fi\\\/news\\\/mielipidekirjoitus-kaikkien-lasten-turvallisuus-on-yhteinen-asia-pienellakin-antirasistisella-teolla-on-merkitysta-yhteisen-turvallisuuden-luomisessa\\\/#primaryimage\"},\"image\":{\"@id\":\"https:\\\/\\\/mobilefutures.fi\\\/news\\\/mielipidekirjoitus-kaikkien-lasten-turvallisuus-on-yhteinen-asia-pienellakin-antirasistisella-teolla-on-merkitysta-yhteisen-turvallisuuden-luomisessa\\\/#primaryimage\"},\"thumbnailUrl\":\"https:\\\/\\\/i0.wp.com\\\/mobilefutures.fi\\\/wp-content\\\/uploads\\\/2024\\\/06\\\/IxMX1nd8.png?fit=1200%2C630&ssl=1\",\"datePublished\":\"2024-06-19T06:29:08+00:00\",\"dateModified\":\"2024-06-19T06:45:35+00:00\",\"description\":\"Mobile Futures -tutkimushankkeen tutkijat yhdess\u00e4 Oulun yliopiston kollegoidensa kanssa ovat huolissaan yhteiskunnassa lis\u00e4\u00e4ntyv\u00e4st\u00e4 v\u00e4kivallasta, joka kumpuaa \u00e4\u00e4rioikeistolaisista asenteista ja rasismin arkip\u00e4iv\u00e4isyydest\u00e4.\",\"breadcrumb\":{\"@id\":\"https:\\\/\\\/mobilefutures.fi\\\/news\\\/mielipidekirjoitus-kaikkien-lasten-turvallisuus-on-yhteinen-asia-pienellakin-antirasistisella-teolla-on-merkitysta-yhteisen-turvallisuuden-luomisessa\\\/#breadcrumb\"},\"inLanguage\":\"sv-SE\",\"potentialAction\":[{\"@type\":\"ReadAction\",\"target\":[\"https:\\\/\\\/mobilefutures.fi\\\/news\\\/mielipidekirjoitus-kaikkien-lasten-turvallisuus-on-yhteinen-asia-pienellakin-antirasistisella-teolla-on-merkitysta-yhteisen-turvallisuuden-luomisessa\\\/\"]}]},{\"@type\":\"ImageObject\",\"inLanguage\":\"sv-SE\",\"@id\":\"https:\\\/\\\/mobilefutures.fi\\\/news\\\/mielipidekirjoitus-kaikkien-lasten-turvallisuus-on-yhteinen-asia-pienellakin-antirasistisella-teolla-on-merkitysta-yhteisen-turvallisuuden-luomisessa\\\/#primaryimage\",\"url\":\"https:\\\/\\\/i0.wp.com\\\/mobilefutures.fi\\\/wp-content\\\/uploads\\\/2024\\\/06\\\/IxMX1nd8.png?fit=1200%2C630&ssl=1\",\"contentUrl\":\"https:\\\/\\\/i0.wp.com\\\/mobilefutures.fi\\\/wp-content\\\/uploads\\\/2024\\\/06\\\/IxMX1nd8.png?fit=1200%2C630&ssl=1\",\"width\":1200,\"height\":630},{\"@type\":\"BreadcrumbList\",\"@id\":\"https:\\\/\\\/mobilefutures.fi\\\/news\\\/mielipidekirjoitus-kaikkien-lasten-turvallisuus-on-yhteinen-asia-pienellakin-antirasistisella-teolla-on-merkitysta-yhteisen-turvallisuuden-luomisessa\\\/#breadcrumb\",\"itemListElement\":[{\"@type\":\"ListItem\",\"position\":1,\"name\":\"Home\",\"item\":\"https:\\\/\\\/mobilefutures.fi\\\/\"},{\"@type\":\"ListItem\",\"position\":2,\"name\":\"Mielipidekirjoitus: Kaikkien lasten turvallisuus on yhteinen asia \u2013 pienell\u00e4kin antirasistisella teolla on merkityst\u00e4 yhteisen turvallisuuden&nbsp;luomisessa\"}]},{\"@type\":\"WebSite\",\"@id\":\"https:\\\/\\\/mobilefutures.fi\\\/#website\",\"url\":\"https:\\\/\\\/mobilefutures.fi\\\/\",\"name\":\"Mobile Futures\",\"description\":\"Diversity, Trust and Two-Way Integration\",\"publisher\":{\"@id\":\"https:\\\/\\\/mobilefutures.fi\\\/#organization\"},\"potentialAction\":[{\"@type\":\"SearchAction\",\"target\":{\"@type\":\"EntryPoint\",\"urlTemplate\":\"https:\\\/\\\/mobilefutures.fi\\\/?s={search_term_string}\"},\"query-input\":{\"@type\":\"PropertyValueSpecification\",\"valueRequired\":true,\"valueName\":\"search_term_string\"}}],\"inLanguage\":\"sv-SE\"},{\"@type\":\"Organization\",\"@id\":\"https:\\\/\\\/mobilefutures.fi\\\/#organization\",\"name\":\"Mobile Futures\",\"url\":\"https:\\\/\\\/mobilefutures.fi\\\/\",\"logo\":{\"@type\":\"ImageObject\",\"inLanguage\":\"sv-SE\",\"@id\":\"https:\\\/\\\/mobilefutures.fi\\\/#\\\/schema\\\/logo\\\/image\\\/\",\"url\":\"https:\\\/\\\/i0.wp.com\\\/mobilefutures.fi\\\/wp-content\\\/uploads\\\/2022\\\/02\\\/Logo-black-1.png?fit=4383%2C2000&ssl=1\",\"contentUrl\":\"https:\\\/\\\/i0.wp.com\\\/mobilefutures.fi\\\/wp-content\\\/uploads\\\/2022\\\/02\\\/Logo-black-1.png?fit=4383%2C2000&ssl=1\",\"width\":4383,\"height\":2000,\"caption\":\"Mobile Futures\"},\"image\":{\"@id\":\"https:\\\/\\\/mobilefutures.fi\\\/#\\\/schema\\\/logo\\\/image\\\/\"},\"sameAs\":[\"https:\\\/\\\/www.facebook.com\\\/MobileFuturesFI\",\"https:\\\/\\\/x.com\\\/MobileFuturesFI\"]},{\"@type\":\"Person\",\"@id\":\"https:\\\/\\\/mobilefutures.fi\\\/#\\\/schema\\\/person\\\/24ce1a93b81664772102c36fe51ff958\",\"name\":\"mbilefutures\",\"image\":{\"@type\":\"ImageObject\",\"inLanguage\":\"sv-SE\",\"@id\":\"https:\\\/\\\/secure.gravatar.com\\\/avatar\\\/776a939f94d2888df04ac6b79f0785650f4a4e1bf61fe226509adec0424ed7cd?s=96&d=identicon&r=g\",\"url\":\"https:\\\/\\\/secure.gravatar.com\\\/avatar\\\/776a939f94d2888df04ac6b79f0785650f4a4e1bf61fe226509adec0424ed7cd?s=96&d=identicon&r=g\",\"contentUrl\":\"https:\\\/\\\/secure.gravatar.com\\\/avatar\\\/776a939f94d2888df04ac6b79f0785650f4a4e1bf61fe226509adec0424ed7cd?s=96&d=identicon&r=g\",\"caption\":\"mbilefutures\"},\"sameAs\":[\"http:\\\/\\\/mobilefutures720100823.wordpress.com\"],\"url\":\"https:\\\/\\\/mobilefutures.fi\\\/sv\\\/author\\\/mbilefutures\\\/\"}]}<\/script>\n<!-- \/ Yoast SEO plugin. -->","yoast_head_json":{"title":"Mielipidekirjoitus: Kaikkien lasten turvallisuus on yhteinen asia \u2013 pienell\u00e4kin antirasistisella teolla on merkityst\u00e4 yhteisen turvallisuuden luomisessa &#8211; News Mobile Futures","description":"Mobile Futures -tutkimushankkeen tutkijat yhdess\u00e4 Oulun yliopiston kollegoidensa kanssa ovat huolissaan yhteiskunnassa lis\u00e4\u00e4ntyv\u00e4st\u00e4 v\u00e4kivallasta, joka kumpuaa \u00e4\u00e4rioikeistolaisista asenteista ja rasismin arkip\u00e4iv\u00e4isyydest\u00e4.","robots":{"index":"index","follow":"follow","max-snippet":"max-snippet:-1","max-image-preview":"max-image-preview:large","max-video-preview":"max-video-preview:-1"},"canonical":"https:\/\/mobilefutures.fi\/sv\/news\/mielipidekirjoitus-kaikkien-lasten-turvallisuus-on-yhteinen-asia-pienellakin-antirasistisella-teolla-on-merkitysta-yhteisen-turvallisuuden-luomisessa\/","og_locale":"sv_SE","og_type":"article","og_title":"Mielipidekirjoitus: Kaikkien lasten turvallisuus on yhteinen asia \u2013 pienell\u00e4kin antirasistisella teolla on merkityst\u00e4 yhteisen turvallisuuden luomisessa &#8211; News Mobile Futures","og_description":"Mobile Futures -tutkimushankkeen tutkijat yhdess\u00e4 Oulun yliopiston kollegoidensa kanssa ovat huolissaan yhteiskunnassa lis\u00e4\u00e4ntyv\u00e4st\u00e4 v\u00e4kivallasta, joka kumpuaa \u00e4\u00e4rioikeistolaisista asenteista ja rasismin arkip\u00e4iv\u00e4isyydest\u00e4.","og_url":"https:\/\/mobilefutures.fi\/sv\/news\/mielipidekirjoitus-kaikkien-lasten-turvallisuus-on-yhteinen-asia-pienellakin-antirasistisella-teolla-on-merkitysta-yhteisen-turvallisuuden-luomisessa\/","og_site_name":"Mobile Futures","article_publisher":"https:\/\/www.facebook.com\/MobileFuturesFI","article_published_time":"2024-06-19T06:29:08+00:00","article_modified_time":"2024-06-19T06:45:35+00:00","og_image":[{"width":1200,"height":630,"url":"https:\/\/mobilefutures.fi\/wp-content\/uploads\/2024\/06\/IxMX1nd8.png","type":"image\/png"}],"author":"mbilefutures","twitter_card":"summary_large_image","twitter_creator":"@MobileFuturesFI","twitter_site":"@MobileFuturesFI","twitter_misc":{"Skriven av":"mbilefutures","Ber\u00e4knad l\u00e4stid":"1 minut"},"schema":{"@context":"https:\/\/schema.org","@graph":[{"@type":"Article","@id":"https:\/\/mobilefutures.fi\/news\/mielipidekirjoitus-kaikkien-lasten-turvallisuus-on-yhteinen-asia-pienellakin-antirasistisella-teolla-on-merkitysta-yhteisen-turvallisuuden-luomisessa\/#article","isPartOf":{"@id":"https:\/\/mobilefutures.fi\/news\/mielipidekirjoitus-kaikkien-lasten-turvallisuus-on-yhteinen-asia-pienellakin-antirasistisella-teolla-on-merkitysta-yhteisen-turvallisuuden-luomisessa\/"},"author":{"name":"mbilefutures","@id":"https:\/\/mobilefutures.fi\/#\/schema\/person\/24ce1a93b81664772102c36fe51ff958"},"headline":"Mielipidekirjoitus: Kaikkien lasten turvallisuus on yhteinen asia \u2013 pienell\u00e4kin antirasistisella teolla on merkityst\u00e4 yhteisen turvallisuuden&nbsp;luomisessa","datePublished":"2024-06-19T06:29:08+00:00","dateModified":"2024-06-19T06:45:35+00:00","mainEntityOfPage":{"@id":"https:\/\/mobilefutures.fi\/news\/mielipidekirjoitus-kaikkien-lasten-turvallisuus-on-yhteinen-asia-pienellakin-antirasistisella-teolla-on-merkitysta-yhteisen-turvallisuuden-luomisessa\/"},"wordCount":176,"publisher":{"@id":"https:\/\/mobilefutures.fi\/#organization"},"image":{"@id":"https:\/\/mobilefutures.fi\/news\/mielipidekirjoitus-kaikkien-lasten-turvallisuus-on-yhteinen-asia-pienellakin-antirasistisella-teolla-on-merkitysta-yhteisen-turvallisuuden-luomisessa\/#primaryimage"},"thumbnailUrl":"https:\/\/i0.wp.com\/mobilefutures.fi\/wp-content\/uploads\/2024\/06\/IxMX1nd8.png?fit=1200%2C630&ssl=1","keywords":["media","rasismi"],"articleSection":["News"],"inLanguage":"sv-SE"},{"@type":"WebPage","@id":"https:\/\/mobilefutures.fi\/news\/mielipidekirjoitus-kaikkien-lasten-turvallisuus-on-yhteinen-asia-pienellakin-antirasistisella-teolla-on-merkitysta-yhteisen-turvallisuuden-luomisessa\/","url":"https:\/\/mobilefutures.fi\/news\/mielipidekirjoitus-kaikkien-lasten-turvallisuus-on-yhteinen-asia-pienellakin-antirasistisella-teolla-on-merkitysta-yhteisen-turvallisuuden-luomisessa\/","name":"Mielipidekirjoitus: Kaikkien lasten turvallisuus on yhteinen asia \u2013 pienell\u00e4kin antirasistisella teolla on merkityst\u00e4 yhteisen turvallisuuden luomisessa &#8211; News Mobile Futures","isPartOf":{"@id":"https:\/\/mobilefutures.fi\/#website"},"primaryImageOfPage":{"@id":"https:\/\/mobilefutures.fi\/news\/mielipidekirjoitus-kaikkien-lasten-turvallisuus-on-yhteinen-asia-pienellakin-antirasistisella-teolla-on-merkitysta-yhteisen-turvallisuuden-luomisessa\/#primaryimage"},"image":{"@id":"https:\/\/mobilefutures.fi\/news\/mielipidekirjoitus-kaikkien-lasten-turvallisuus-on-yhteinen-asia-pienellakin-antirasistisella-teolla-on-merkitysta-yhteisen-turvallisuuden-luomisessa\/#primaryimage"},"thumbnailUrl":"https:\/\/i0.wp.com\/mobilefutures.fi\/wp-content\/uploads\/2024\/06\/IxMX1nd8.png?fit=1200%2C630&ssl=1","datePublished":"2024-06-19T06:29:08+00:00","dateModified":"2024-06-19T06:45:35+00:00","description":"Mobile Futures -tutkimushankkeen tutkijat yhdess\u00e4 Oulun yliopiston kollegoidensa kanssa ovat huolissaan yhteiskunnassa lis\u00e4\u00e4ntyv\u00e4st\u00e4 v\u00e4kivallasta, joka kumpuaa \u00e4\u00e4rioikeistolaisista asenteista ja rasismin arkip\u00e4iv\u00e4isyydest\u00e4.","breadcrumb":{"@id":"https:\/\/mobilefutures.fi\/news\/mielipidekirjoitus-kaikkien-lasten-turvallisuus-on-yhteinen-asia-pienellakin-antirasistisella-teolla-on-merkitysta-yhteisen-turvallisuuden-luomisessa\/#breadcrumb"},"inLanguage":"sv-SE","potentialAction":[{"@type":"ReadAction","target":["https:\/\/mobilefutures.fi\/news\/mielipidekirjoitus-kaikkien-lasten-turvallisuus-on-yhteinen-asia-pienellakin-antirasistisella-teolla-on-merkitysta-yhteisen-turvallisuuden-luomisessa\/"]}]},{"@type":"ImageObject","inLanguage":"sv-SE","@id":"https:\/\/mobilefutures.fi\/news\/mielipidekirjoitus-kaikkien-lasten-turvallisuus-on-yhteinen-asia-pienellakin-antirasistisella-teolla-on-merkitysta-yhteisen-turvallisuuden-luomisessa\/#primaryimage","url":"https:\/\/i0.wp.com\/mobilefutures.fi\/wp-content\/uploads\/2024\/06\/IxMX1nd8.png?fit=1200%2C630&ssl=1","contentUrl":"https:\/\/i0.wp.com\/mobilefutures.fi\/wp-content\/uploads\/2024\/06\/IxMX1nd8.png?fit=1200%2C630&ssl=1","width":1200,"height":630},{"@type":"BreadcrumbList","@id":"https:\/\/mobilefutures.fi\/news\/mielipidekirjoitus-kaikkien-lasten-turvallisuus-on-yhteinen-asia-pienellakin-antirasistisella-teolla-on-merkitysta-yhteisen-turvallisuuden-luomisessa\/#breadcrumb","itemListElement":[{"@type":"ListItem","position":1,"name":"Home","item":"https:\/\/mobilefutures.fi\/"},{"@type":"ListItem","position":2,"name":"Mielipidekirjoitus: Kaikkien lasten turvallisuus on yhteinen asia \u2013 pienell\u00e4kin antirasistisella teolla on merkityst\u00e4 yhteisen turvallisuuden&nbsp;luomisessa"}]},{"@type":"WebSite","@id":"https:\/\/mobilefutures.fi\/#website","url":"https:\/\/mobilefutures.fi\/","name":"Mobile Futures","description":"M\u00e5ngfald, f\u00f6rtroende och tv\u00e5v\u00e4gsintegration","publisher":{"@id":"https:\/\/mobilefutures.fi\/#organization"},"potentialAction":[{"@type":"SearchAction","target":{"@type":"EntryPoint","urlTemplate":"https:\/\/mobilefutures.fi\/?s={search_term_string}"},"query-input":{"@type":"PropertyValueSpecification","valueRequired":true,"valueName":"search_term_string"}}],"inLanguage":"sv-SE"},{"@type":"Organization","@id":"https:\/\/mobilefutures.fi\/#organization","name":"Mobile Futures","url":"https:\/\/mobilefutures.fi\/","logo":{"@type":"ImageObject","inLanguage":"sv-SE","@id":"https:\/\/mobilefutures.fi\/#\/schema\/logo\/image\/","url":"https:\/\/i0.wp.com\/mobilefutures.fi\/wp-content\/uploads\/2022\/02\/Logo-black-1.png?fit=4383%2C2000&ssl=1","contentUrl":"https:\/\/i0.wp.com\/mobilefutures.fi\/wp-content\/uploads\/2022\/02\/Logo-black-1.png?fit=4383%2C2000&ssl=1","width":4383,"height":2000,"caption":"Mobile Futures"},"image":{"@id":"https:\/\/mobilefutures.fi\/#\/schema\/logo\/image\/"},"sameAs":["https:\/\/www.facebook.com\/MobileFuturesFI","https:\/\/x.com\/MobileFuturesFI"]},{"@type":"Person","@id":"https:\/\/mobilefutures.fi\/#\/schema\/person\/24ce1a93b81664772102c36fe51ff958","name":"mbilefutures","image":{"@type":"ImageObject","inLanguage":"sv-SE","@id":"https:\/\/secure.gravatar.com\/avatar\/776a939f94d2888df04ac6b79f0785650f4a4e1bf61fe226509adec0424ed7cd?s=96&d=identicon&r=g","url":"https:\/\/secure.gravatar.com\/avatar\/776a939f94d2888df04ac6b79f0785650f4a4e1bf61fe226509adec0424ed7cd?s=96&d=identicon&r=g","contentUrl":"https:\/\/secure.gravatar.com\/avatar\/776a939f94d2888df04ac6b79f0785650f4a4e1bf61fe226509adec0424ed7cd?s=96&d=identicon&r=g","caption":"mbilefutures"},"sameAs":["http:\/\/mobilefutures720100823.wordpress.com"],"url":"https:\/\/mobilefutures.fi\/sv\/author\/mbilefutures\/"}]}},"jetpack_publicize_connections":[],"jetpack_featured_media_url":"https:\/\/i0.wp.com\/mobilefutures.fi\/wp-content\/uploads\/2024\/06\/IxMX1nd8.png?fit=1200%2C630&ssl=1","jetpack_likes_enabled":false,"jetpack_sharing_enabled":true,"jetpack_shortlink":"https:\/\/wp.me\/pdClTx-128","_links":{"self":[{"href":"https:\/\/mobilefutures.fi\/sv\/wp-json\/wp\/v2\/posts\/3976","targetHints":{"allow":["GET"]}}],"collection":[{"href":"https:\/\/mobilefutures.fi\/sv\/wp-json\/wp\/v2\/posts"}],"about":[{"href":"https:\/\/mobilefutures.fi\/sv\/wp-json\/wp\/v2\/types\/post"}],"author":[{"embeddable":true,"href":"https:\/\/mobilefutures.fi\/sv\/wp-json\/wp\/v2\/users\/215458246"}],"replies":[{"embeddable":true,"href":"https:\/\/mobilefutures.fi\/sv\/wp-json\/wp\/v2\/comments?post=3976"}],"version-history":[{"count":5,"href":"https:\/\/mobilefutures.fi\/sv\/wp-json\/wp\/v2\/posts\/3976\/revisions"}],"predecessor-version":[{"id":3982,"href":"https:\/\/mobilefutures.fi\/sv\/wp-json\/wp\/v2\/posts\/3976\/revisions\/3982"}],"wp:featuredmedia":[{"embeddable":true,"href":"https:\/\/mobilefutures.fi\/sv\/wp-json\/wp\/v2\/media\/3983"}],"wp:attachment":[{"href":"https:\/\/mobilefutures.fi\/sv\/wp-json\/wp\/v2\/media?parent=3976"}],"wp:term":[{"taxonomy":"category","embeddable":true,"href":"https:\/\/mobilefutures.fi\/sv\/wp-json\/wp\/v2\/categories?post=3976"},{"taxonomy":"post_tag","embeddable":true,"href":"https:\/\/mobilefutures.fi\/sv\/wp-json\/wp\/v2\/tags?post=3976"}],"curies":[{"name":"wp","href":"https:\/\/api.w.org\/{rel}","templated":true}]}}