{"id":4115,"date":"2024-08-07T10:50:43","date_gmt":"2024-08-07T07:50:43","guid":{"rendered":"https:\/\/mobilefutures.fi\/?p=4115"},"modified":"2025-09-17T14:18:25","modified_gmt":"2025-09-17T11:18:25","slug":"tutkimus-tutuksi-tietoiskuissa-esitellaan-maahanmuuttoon-ja-kotoutumiseen-liittyvaa-tutkimusta","status":"publish","type":"post","link":"https:\/\/mobilefutures.fi\/sv\/events\/tutkimus-tutuksi-tietoiskuissa-esitellaan-maahanmuuttoon-ja-kotoutumiseen-liittyvaa-tutkimusta\/","title":{"rendered":"Tutkimus tutuksi -tietoiskuissa esitell\u00e4\u00e4n maahanmuuttoon ja kotoutumiseen liittyv\u00e4\u00e4 tutkimusta"},"content":{"rendered":"<p class=\"wp-block-paragraph\"><em><em>Tutkimus tutuksi<\/em>\u00a0-webinaarisarja on p\u00e4\u00e4ttynyt. Sarjaa toteutettiin yhteisty\u00f6ss\u00e4 ty\u00f6- ja elinkeinoministeri\u00f6n kotoutumisen kumppanuusohjelman kanssa, joka on sittemmin siirtynyt KEHA-keskukseen. Yhteisty\u00f6n muutosten my\u00f6t\u00e4 sarja ei en\u00e4\u00e4 jatku.<\/em><\/p>\n\n\n\n<p class=\"wp-block-paragraph\"><em>Tutustu <a href=\"https:\/\/mobilefutures.fi\/sv\/events\/demography-talks-webinaarisarja-tarjoaa-tutkittua-tietoa-vaeston-muutoksista\/\">DEMOGRAPHY Talks -webinaarisarjaan t\u00e4st\u00e4<\/a>.<\/em><\/p>\n\n\n\n<p class=\"wp-block-paragraph\">Tutkimus tutuksi -tietoiskuissa esitell\u00e4\u00e4n maahanmuuttoon ja kotoutumiseen liittyv\u00e4\u00e4 tutkimusta ja tarjotaan tilaisuus keskustelulle.<\/p>\n\n\n\n<p class=\"wp-block-paragraph\">Tietoiskuja j\u00e4rjestet\u00e4\u00e4n et\u00e4n\u00e4, Teams-yhteydell\u00e4, koko syksyn kuukauden ensimm\u00e4isen\u00e4 perjantaina klo 9-10. Osallistumislinkki on sama jokaisella tapahtumakerralla.<\/p>\n\n\n\n<p class=\"wp-block-paragraph\">Osallistumislinkki l\u00e4hetet\u00e4\u00e4n ilmoittautuneille s\u00e4hk\u00f6postilla ennen tapahtumaa mutta tietoiskuihin voi osallistua my\u00f6s ilman ennakkoilmoittautumista.<\/p>\n\n\n\n<p class=\"wp-block-paragraph\">Kotoutumisen kumppanuusohjelman Toiminta tutuksi -sarjan tarkoituksena on esitell\u00e4 eri toimijoiden ty\u00f6t\u00e4 kotoutumisen edist\u00e4misen, pakolaisten vastaanoton ja yhteiskunnan vastaanottavuuden parissa. Joka kuukauden ensimm\u00e4inen tapahtumakerta j\u00e4rjestet\u00e4\u00e4n&nbsp;<strong>Tutkimus tutuksi -tietoiskuna.<\/strong><\/p>\n\n\n\n<p class=\"wp-block-paragraph\">Tutkimus tutuksi -sarja j\u00e4rjestet\u00e4\u00e4n yhteisty\u00f6ss\u00e4 Kumppaanuusohjelman ja Monimuotoisuus, luottamus ja kaksisuuntainen kotoutuminen (Mobile Futures) -tutkimushankkeen kanssa.<\/p>\n\n\n\n<h2 class=\"wp-block-heading\"><strong>Tulevat Tutkimus tutuksi -tietoiskut<\/strong><\/h2>\n\n\n\n<p class=\"wp-block-paragraph\"><br>Tutkimus tutuksi on tauolla. <\/p>\n\n\n\n<div style=\"height:56px\" aria-hidden=\"true\" class=\"wp-block-spacer\"><\/div>\n\n\n\n<h2 class=\"wp-block-heading\">Menneet <strong>Tutkimus tutuksi -tietoiskut<\/strong><\/h2>\n\n\n\n<p class=\"wp-block-paragraph\"><strong>13.12.2024 Korkeasti koulutettujen maahanmuuttaneiden naisten ty\u00f6nhakukokemukset  <\/strong><br>Heidi Lehtovaara V\u00e4it\u00f6skirjatutkija, Ty\u00f6el\u00e4m\u00e4n tutkimuskeskus, Tampereen yliopisto<br>Minna Franck V\u00e4it\u00f6skirjatutkija, Kielentutkimuksen tohtoriohjelma, Helsingin yliopisto<\/p>\n\n\n\n<p class=\"wp-block-paragraph\">Naiset muuttavat Suomeen p\u00e4\u00e4osin perhesyist\u00e4, esimerkiksi puolisoina. T\u00e4st\u00e4 syyst\u00e4 heill\u00e4 ei useinkaan ole ty\u00f6paikkaa odottamassa. \u00c4itien kohdalla perhetyyppi - esimerkiksi yksinhuoltajuus - voi vaikuttaa ty\u00f6llistymiseen.&nbsp;<br><br><em>Aikaisemmasta tiedosta poiketen Minna Franck ei valitettavasti p\u00e4\u00e4se paikalle, mutta Heidi Lehtovaara kertoo lyhyesti my\u00f6s Minnan aiheesta: <\/em>Kielentutkimuksen alaan kuuluvassa v\u00e4it\u00f6skirjassaan Minna Franck tutkii kieli- ja kulttuurierojen mahdollista vaikutusta ty\u00f6haastatteluvuorovaikutuksen sujuvuuteen. Minna tarkastelee, miten erilaisen kieli- ja kulttuuritaustan omaavat ty\u00f6haastatteluosapuolet ratkaisevat mahdollisia ty\u00f6haastattelun kulkuun vaikuttavia vuorovaikutuksellisia ongelmia ty\u00f6haastattelun kuluessa ja miten esiintyv\u00e4t ongelmat mahdollisesti vaikuttavat ty\u00f6nhakijan arviointiin. Minna kertoo tutkimusprojektiinsa liittyvist\u00e4 aineistonhankinnan ongelmista, jotka osaltaan kertovat monimuotoisen rekrytoinnin tilasta Suomessa.<\/p>\n\n\n\n<figure class=\"wp-block-image size-large is-resized\"><img data-recalc-dims=\"1\" loading=\"lazy\" decoding=\"async\" width=\"1030\" height=\"538\" data-attachment-id=\"4529\" data-permalink=\"https:\/\/mobilefutures.fi\/sv\/events\/tutkimus-tutuksi-tietoiskuissa-esitellaan-maahanmuuttoon-ja-kotoutumiseen-liittyvaa-tutkimusta\/attachment\/tutkimus-tutuksi-13-12\/\" data-orig-file=\"https:\/\/i0.wp.com\/mobilefutures.fi\/wp-content\/uploads\/2024\/08\/Tutkimus-tutuksi-13.12.png?fit=1200%2C627&amp;ssl=1\" data-orig-size=\"1200,627\" data-comments-opened=\"1\" data-image-meta=\"{&quot;aperture&quot;:&quot;0&quot;,&quot;credit&quot;:&quot;&quot;,&quot;camera&quot;:&quot;&quot;,&quot;caption&quot;:&quot;&quot;,&quot;created_timestamp&quot;:&quot;0&quot;,&quot;copyright&quot;:&quot;&quot;,&quot;focal_length&quot;:&quot;0&quot;,&quot;iso&quot;:&quot;0&quot;,&quot;shutter_speed&quot;:&quot;0&quot;,&quot;title&quot;:&quot;&quot;,&quot;orientation&quot;:&quot;0&quot;}\" data-image-title=\"Tutkimus tutuksi 13.12\" data-image-description=\"\" data-image-caption=\"\" data-large-file=\"https:\/\/i0.wp.com\/mobilefutures.fi\/wp-content\/uploads\/2024\/08\/Tutkimus-tutuksi-13.12.png?fit=1030%2C538&amp;ssl=1\" src=\"https:\/\/i0.wp.com\/mobilefutures.fi\/wp-content\/uploads\/2024\/08\/Tutkimus-tutuksi-13.12.png?resize=1030%2C538&#038;ssl=1\" alt=\"\" class=\"wp-image-4529\" style=\"width:438px;height:auto\" srcset=\"https:\/\/i0.wp.com\/mobilefutures.fi\/wp-content\/uploads\/2024\/08\/Tutkimus-tutuksi-13.12.png?resize=1030%2C538&amp;ssl=1 1030w, https:\/\/i0.wp.com\/mobilefutures.fi\/wp-content\/uploads\/2024\/08\/Tutkimus-tutuksi-13.12.png?resize=300%2C157&amp;ssl=1 300w, https:\/\/i0.wp.com\/mobilefutures.fi\/wp-content\/uploads\/2024\/08\/Tutkimus-tutuksi-13.12.png?resize=768%2C401&amp;ssl=1 768w, https:\/\/i0.wp.com\/mobilefutures.fi\/wp-content\/uploads\/2024\/08\/Tutkimus-tutuksi-13.12.png?resize=18%2C9&amp;ssl=1 18w, https:\/\/i0.wp.com\/mobilefutures.fi\/wp-content\/uploads\/2024\/08\/Tutkimus-tutuksi-13.12.png?w=1200&amp;ssl=1 1200w\" sizes=\"auto, (max-width: 1000px) 100vw, 1000px\" \/><\/figure>\n\n\n\n<p class=\"wp-block-paragraph\"><strong>Lis\u00e4tietoja:<\/strong> <a href=\"https:\/\/link.webropolsurveys.com\/Participation\/Public\/913b2d46-e829-45b8-b091-bd99543f54e6?displayId=Fin3126868\">Ilmoittautumiseen&gt;&gt;<\/a><\/p>\n\n\n\n<p class=\"wp-block-paragraph\"><strong>1.11.2024 1. Chatbotit kotoutumisen v\u00e4lineen\u00e4 2. Mik\u00e4 selitt\u00e4\u00e4 kotoutumista ja syrj\u00e4ytymist\u00e4 - olisiko tilausta uusille mittareille?<br><\/strong>Aaro Tupasela Tutkija, Trust-M -hanke, Helsingin Yliopisto<br>Viivi Eskelinen Tutkija ja vuorovaikutusvastaava, Trust-M -hanke, <br>Helsingin Yliopisto\/Aalto-Yliopisto<\/p>\n\n\n\n<p class=\"wp-block-paragraph\">Esityksen ensimm\u00e4inen osa tarkastelee chatbottien roolia digitaalisen vuorovaikutuksen ja integraation v\u00e4linein\u00e4 julkisella sektorilla. Aaro Tupasela on tutkinut chatbottien haasteita ja mahdollisuuksia palvelukanavana eri asiakasryhmille, erityisesti maahanmuuttajille. Niihin liittyy kuitenkin monia haasteita, erityisesti niiden t\u00e4yt\u00e4nt\u00f6\u00f6npanoon ja toimintaan. Digitaalisissa julkisissa palveluissa n\u00e4m\u00e4 liittyv\u00e4t esimerkiksi sen varmistamiseen ihmisten oikeuksia ei rikota ja ett\u00e4 robottien antamat tiedot ovat tarkkoja.&nbsp;&nbsp;<br><br>Esityksen toinen osa k\u00e4sittelee eri rekisteriaineistojen ja mittareiden roolia kotoutumisen ja syrj\u00e4ytymisen tutkimuksessa. J\u00e4\u00e4k\u00f6 joidenkin ihmisryhmien (esim. toisen polven maahanmuuttajien) kokema syrjint\u00e4 piiloon tilastollisissa tarkasteluissa? Olisiko uusille tilastollisille mittareille tarvetta valtakunnallisissa rekistereiss\u00e4, mm. etnisyyden ker\u00e4\u00e4minen? Ovatko uudet mittarit uhka vai mahdollisuus vai jotain silt\u00e4 v\u00e4lilt\u00e4? Tutkimuksessa k\u00e4sitell\u00e4\u00e4n aihetta niin asiantuntijoiden kuin tavallisten ihmisten n\u00e4k\u00f6kulmasta.&nbsp;<\/p>\n\n\n\n<figure class=\"wp-block-image size-large is-resized\"><img data-recalc-dims=\"1\" loading=\"lazy\" decoding=\"async\" width=\"1030\" height=\"579\" data-attachment-id=\"4233\" data-permalink=\"https:\/\/mobilefutures.fi\/sv\/events\/tutkimus-tutuksi-tietoiskuissa-esitellaan-maahanmuuttoon-ja-kotoutumiseen-liittyvaa-tutkimusta\/attachment\/tutkimus-tutuksi-1-11-2024\/\" data-orig-file=\"https:\/\/i0.wp.com\/mobilefutures.fi\/wp-content\/uploads\/2024\/08\/Tutkimus-tutuksi-1.11.2024.png?fit=1200%2C675&amp;ssl=1\" data-orig-size=\"1200,675\" data-comments-opened=\"1\" data-image-meta=\"{&quot;aperture&quot;:&quot;0&quot;,&quot;credit&quot;:&quot;&quot;,&quot;camera&quot;:&quot;&quot;,&quot;caption&quot;:&quot;&quot;,&quot;created_timestamp&quot;:&quot;0&quot;,&quot;copyright&quot;:&quot;&quot;,&quot;focal_length&quot;:&quot;0&quot;,&quot;iso&quot;:&quot;0&quot;,&quot;shutter_speed&quot;:&quot;0&quot;,&quot;title&quot;:&quot;&quot;,&quot;orientation&quot;:&quot;0&quot;}\" data-image-title=\"Tutkimus tutuksi 1.11.2024\" data-image-description=\"\" data-image-caption=\"\" data-large-file=\"https:\/\/i0.wp.com\/mobilefutures.fi\/wp-content\/uploads\/2024\/08\/Tutkimus-tutuksi-1.11.2024.png?fit=1030%2C579&amp;ssl=1\" src=\"https:\/\/i0.wp.com\/mobilefutures.fi\/wp-content\/uploads\/2024\/08\/Tutkimus-tutuksi-1.11.2024.png?resize=1030%2C579&#038;ssl=1\" alt=\"\" class=\"wp-image-4233\" style=\"width:438px;height:auto\" srcset=\"https:\/\/i0.wp.com\/mobilefutures.fi\/wp-content\/uploads\/2024\/08\/Tutkimus-tutuksi-1.11.2024.png?resize=1030%2C579&amp;ssl=1 1030w, https:\/\/i0.wp.com\/mobilefutures.fi\/wp-content\/uploads\/2024\/08\/Tutkimus-tutuksi-1.11.2024.png?resize=300%2C169&amp;ssl=1 300w, https:\/\/i0.wp.com\/mobilefutures.fi\/wp-content\/uploads\/2024\/08\/Tutkimus-tutuksi-1.11.2024.png?resize=768%2C432&amp;ssl=1 768w, https:\/\/i0.wp.com\/mobilefutures.fi\/wp-content\/uploads\/2024\/08\/Tutkimus-tutuksi-1.11.2024.png?resize=18%2C10&amp;ssl=1 18w, https:\/\/i0.wp.com\/mobilefutures.fi\/wp-content\/uploads\/2024\/08\/Tutkimus-tutuksi-1.11.2024.png?w=1200&amp;ssl=1 1200w\" sizes=\"auto, (max-width: 1000px) 100vw, 1000px\" \/><\/figure>\n\n\n\n<p class=\"wp-block-paragraph\"><strong>Lis\u00e4tietoja:<\/strong><br><a href=\"https:\/\/link.webropolsurveys.com\/Participation\/Public\/913b2d46-e829-45b8-b091-bd99543f54e6?displayId=Fin3126868\">Ilmoittautumiseen&gt;&gt;<\/a><\/p>\n\n\n\n<p class=\"wp-block-paragraph\"><strong>4.10.2024 Ulkom\u00e5laisten neuvonta ja oikeusapu <\/strong><br>Jaana Palander, Tutkija, Mobile Futures-hanke, \u00c5bo Akademi<\/p>\n\n\n\n<p class=\"wp-block-paragraph\">Ulkomaalaisilla on erityisi\u00e4 tarpeita neuvonnan ja oikeusavun suhteen. Haastattelututkimus paljastaa, mit\u00e4 haasteita neuvonnasta ja oikeusavusta vastaavat toimijat kokevat ty\u00f6ss\u00e4\u00e4n ja miten palveluita tulisi parantaa. Tutkimuksessa on my\u00f6s kartoitettu viranomaisten varautumista laajamittaiseen maahantuloon. Lis\u00e4ksi esille nousee kolmannen sektorin rooli erityistilanteissa.<\/p>\n\n\n\n<figure class=\"wp-block-image size-large is-resized\"><img data-recalc-dims=\"1\" loading=\"lazy\" decoding=\"async\" width=\"1030\" height=\"579\" data-attachment-id=\"4207\" data-permalink=\"https:\/\/mobilefutures.fi\/sv\/events\/tutkimus-tutuksi-tietoiskuissa-esitellaan-maahanmuuttoon-ja-kotoutumiseen-liittyvaa-tutkimusta\/attachment\/tutkimus-tutuksi-4-10-2024\/\" data-orig-file=\"https:\/\/i0.wp.com\/mobilefutures.fi\/wp-content\/uploads\/2024\/08\/Tutkimus-tutuksi-4.10.2024.png?fit=1200%2C675&amp;ssl=1\" data-orig-size=\"1200,675\" data-comments-opened=\"1\" data-image-meta=\"{&quot;aperture&quot;:&quot;0&quot;,&quot;credit&quot;:&quot;&quot;,&quot;camera&quot;:&quot;&quot;,&quot;caption&quot;:&quot;&quot;,&quot;created_timestamp&quot;:&quot;0&quot;,&quot;copyright&quot;:&quot;&quot;,&quot;focal_length&quot;:&quot;0&quot;,&quot;iso&quot;:&quot;0&quot;,&quot;shutter_speed&quot;:&quot;0&quot;,&quot;title&quot;:&quot;&quot;,&quot;orientation&quot;:&quot;0&quot;}\" data-image-title=\"Tutkimus tutuksi 4.10.2024\" data-image-description=\"\" data-image-caption=\"\" data-large-file=\"https:\/\/i0.wp.com\/mobilefutures.fi\/wp-content\/uploads\/2024\/08\/Tutkimus-tutuksi-4.10.2024.png?fit=1030%2C579&amp;ssl=1\" src=\"https:\/\/i0.wp.com\/mobilefutures.fi\/wp-content\/uploads\/2024\/08\/Tutkimus-tutuksi-4.10.2024.png?resize=1030%2C579&#038;ssl=1\" alt=\"\" class=\"wp-image-4207\" style=\"width:438px;height:auto\" srcset=\"https:\/\/i0.wp.com\/mobilefutures.fi\/wp-content\/uploads\/2024\/08\/Tutkimus-tutuksi-4.10.2024.png?resize=1030%2C579&amp;ssl=1 1030w, https:\/\/i0.wp.com\/mobilefutures.fi\/wp-content\/uploads\/2024\/08\/Tutkimus-tutuksi-4.10.2024.png?resize=300%2C169&amp;ssl=1 300w, https:\/\/i0.wp.com\/mobilefutures.fi\/wp-content\/uploads\/2024\/08\/Tutkimus-tutuksi-4.10.2024.png?resize=768%2C432&amp;ssl=1 768w, https:\/\/i0.wp.com\/mobilefutures.fi\/wp-content\/uploads\/2024\/08\/Tutkimus-tutuksi-4.10.2024.png?resize=18%2C10&amp;ssl=1 18w, https:\/\/i0.wp.com\/mobilefutures.fi\/wp-content\/uploads\/2024\/08\/Tutkimus-tutuksi-4.10.2024.png?w=1200&amp;ssl=1 1200w\" sizes=\"auto, (max-width: 1000px) 100vw, 1000px\" \/><\/figure>\n\n\n\n<p class=\"wp-block-paragraph\"><strong>Lis\u00e4tietoja:<\/strong><br><a href=\"https:\/\/link.webropolsurveys.com\/Participation\/Public\/913b2d46-e829-45b8-b091-bd99543f54e6?displayId=Fin3126868\">Ilmoittautumiseen&gt;&gt;<\/a><\/p>\n\n\n\n<p class=\"wp-block-paragraph\"><strong>6.9.2024 Suomeen muuttaneilla hoiva-alan ty\u00f6ntekij\u00f6ill\u00e4 huomattavasti keskim\u00e4\u00e4r\u00e4ist\u00e4 v\u00e4hemm\u00e4n sairauspoissaoloja - mik\u00e4 selitt\u00e4\u00e4?<br><\/strong>Antero Olakivi, Lifecon -hanke, Ty\u00f6terveyslaitos<\/p>\n\n\n\n<p class=\"wp-block-paragraph\">Yh\u00e4 useampi hoiva- ja hoitoalan ty\u00f6ntekij\u00e4 on ulkomailla syntynyt. Tuoreessa tutkimuksessa Suomeen muuttaneilla hoiva- ja hoitoty\u00f6ntekij\u00f6ill\u00e4 havaittiin selv\u00e4sti Suomessa syntyneit\u00e4 vertaisiaan pienempi riski j\u00e4\u00e4d\u00e4 pois ty\u00f6st\u00e4 sairauden vuoksi. Pienin riski havaittiin EU:n ulkopuolisista maista muuttaneilla ty\u00f6ntekij\u00f6ill\u00e4. Puheenvuoro esittelee tutkimuksen tuloksia ja pohtii niiden mahdollisia selityksi\u00e4 kotoutumisen ja tasa-arvon n\u00e4k\u00f6kulmasta.<\/p>\n\n\n\n<figure class=\"wp-block-image size-large is-resized\"><img data-recalc-dims=\"1\" loading=\"lazy\" decoding=\"async\" width=\"1030\" height=\"579\" data-attachment-id=\"4127\" data-permalink=\"https:\/\/mobilefutures.fi\/sv\/events\/tutkimus-tutuksi-tietoiskuissa-esitellaan-maahanmuuttoon-ja-kotoutumiseen-liittyvaa-tutkimusta\/attachment\/tutkimus-tutuksi-6-9-2024\/\" data-orig-file=\"https:\/\/i0.wp.com\/mobilefutures.fi\/wp-content\/uploads\/2024\/08\/Tutkimus-tutuksi-6.9.2024.png?fit=1200%2C675&amp;ssl=1\" data-orig-size=\"1200,675\" data-comments-opened=\"1\" data-image-meta=\"{&quot;aperture&quot;:&quot;0&quot;,&quot;credit&quot;:&quot;&quot;,&quot;camera&quot;:&quot;&quot;,&quot;caption&quot;:&quot;&quot;,&quot;created_timestamp&quot;:&quot;0&quot;,&quot;copyright&quot;:&quot;&quot;,&quot;focal_length&quot;:&quot;0&quot;,&quot;iso&quot;:&quot;0&quot;,&quot;shutter_speed&quot;:&quot;0&quot;,&quot;title&quot;:&quot;&quot;,&quot;orientation&quot;:&quot;0&quot;}\" data-image-title=\"Tutkimus tutuksi 6.9.2024\" data-image-description=\"\" data-image-caption=\"\" data-large-file=\"https:\/\/i0.wp.com\/mobilefutures.fi\/wp-content\/uploads\/2024\/08\/Tutkimus-tutuksi-6.9.2024.png?fit=1030%2C579&amp;ssl=1\" src=\"https:\/\/i0.wp.com\/mobilefutures.fi\/wp-content\/uploads\/2024\/08\/Tutkimus-tutuksi-6.9.2024.png?resize=1030%2C579&#038;ssl=1\" alt=\"\" class=\"wp-image-4127\" style=\"width:438px;height:auto\" srcset=\"https:\/\/i0.wp.com\/mobilefutures.fi\/wp-content\/uploads\/2024\/08\/Tutkimus-tutuksi-6.9.2024.png?resize=1030%2C579&amp;ssl=1 1030w, https:\/\/i0.wp.com\/mobilefutures.fi\/wp-content\/uploads\/2024\/08\/Tutkimus-tutuksi-6.9.2024.png?resize=300%2C169&amp;ssl=1 300w, https:\/\/i0.wp.com\/mobilefutures.fi\/wp-content\/uploads\/2024\/08\/Tutkimus-tutuksi-6.9.2024.png?resize=768%2C432&amp;ssl=1 768w, https:\/\/i0.wp.com\/mobilefutures.fi\/wp-content\/uploads\/2024\/08\/Tutkimus-tutuksi-6.9.2024.png?resize=18%2C10&amp;ssl=1 18w, https:\/\/i0.wp.com\/mobilefutures.fi\/wp-content\/uploads\/2024\/08\/Tutkimus-tutuksi-6.9.2024.png?w=1200&amp;ssl=1 1200w\" sizes=\"auto, (max-width: 1000px) 100vw, 1000px\" \/><\/figure>\n\n\n\n<p class=\"wp-block-paragraph\"><\/p>\n\n\n\n<hr class=\"wp-block-separator has-alpha-channel-opacity\"\/>\n\n\n\n<p class=\"wp-block-paragraph\"><strong>Lis\u00e4tietoja:<\/strong><br><a href=\"https:\/\/link.webropolsurveys.com\/Participation\/Public\/913b2d46-e829-45b8-b091-bd99543f54e6?displayId=Fin3126868\">Ilmoittautumiseen&gt;&gt;<\/a><\/p>\n\n\n\n<p class=\"wp-block-paragraph\"><\/p>","protected":false},"excerpt":{"rendered":"<p>Tutkimus tutuksi -tietoiskuissa esitell\u00e4\u00e4n maahanmuuttoon ja kotoutumiseen liittyv\u00e4\u00e4 tutkimusta - ilmoittaudu mukaan!<\/p>","protected":false},"author":215458246,"featured_media":4122,"comment_status":"closed","ping_status":"closed","sticky":false,"template":"","format":"standard","meta":{"_crdt_document":"","inline_featured_image":false,"_jetpack_newsletter_access":"","_jetpack_dont_email_post_to_subs":true,"_jetpack_newsletter_tier_id":0,"_jetpack_memberships_contains_paywalled_content":false,"_jetpack_memberships_contains_paid_content":false,"footnotes":"","jetpack_publicize_message":"","jetpack_publicize_feature_enabled":true,"jetpack_social_post_already_shared":true,"jetpack_social_options":{"image_generator_settings":{"template":"highway","enabled":false},"version":2},"_wpas_customize_per_network":false,"jetpack_post_was_ever_published":false},"categories":[1386],"tags":[1414,1444,1482],"class_list":["post-4115","post","type-post","status-publish","format-standard","has-post-thumbnail","hentry","category-events","tag-kotoutuminen","tag-maahanmuutto","tag-tutkimus-tutuksi"],"yoast_head":"<!-- This site is optimized with the Yoast SEO plugin v27.4 - https:\/\/yoast.com\/product\/yoast-seo-wordpress\/ -->\n<title>Tutkimus tutuksi -tietoiskuissa esitell\u00e4\u00e4n maahanmuuttoon ja kotoutumiseen liittyv\u00e4\u00e4 tutkimusta &#8211; Events Mobile Futures<\/title>\n<meta name=\"description\" content=\"Tutkimus tutuksi -tietoiskuissa esitell\u00e4\u00e4n maahanmuuttoon ja kotoutumiseen liittyv\u00e4\u00e4 tutkimusta - ilmoittaudu mukaan!\" \/>\n<meta name=\"robots\" content=\"index, follow, max-snippet:-1, max-image-preview:large, max-video-preview:-1\" \/>\n<link rel=\"canonical\" href=\"https:\/\/mobilefutures.fi\/sv\/events\/tutkimus-tutuksi-tietoiskuissa-esitellaan-maahanmuuttoon-ja-kotoutumiseen-liittyvaa-tutkimusta\/\" \/>\n<meta property=\"og:locale\" content=\"sv_SE\" \/>\n<meta property=\"og:type\" content=\"article\" \/>\n<meta property=\"og:title\" content=\"Tutkimus tutuksi -tietoiskuissa esitell\u00e4\u00e4n maahanmuuttoon ja kotoutumiseen liittyv\u00e4\u00e4 tutkimusta &#8211; Events Mobile Futures\" \/>\n<meta property=\"og:description\" content=\"Tutkimus tutuksi -tietoiskuissa esitell\u00e4\u00e4n maahanmuuttoon ja kotoutumiseen liittyv\u00e4\u00e4 tutkimusta - ilmoittaudu mukaan!\" \/>\n<meta property=\"og:url\" content=\"https:\/\/mobilefutures.fi\/sv\/events\/tutkimus-tutuksi-tietoiskuissa-esitellaan-maahanmuuttoon-ja-kotoutumiseen-liittyvaa-tutkimusta\/\" \/>\n<meta property=\"og:site_name\" content=\"Mobile Futures\" \/>\n<meta property=\"article:publisher\" content=\"https:\/\/www.facebook.com\/MobileFuturesFI\" \/>\n<meta property=\"article:published_time\" content=\"2024-08-07T07:50:43+00:00\" \/>\n<meta property=\"article:modified_time\" content=\"2025-09-17T11:18:25+00:00\" \/>\n<meta property=\"og:image\" content=\"https:\/\/mobilefutures.fi\/wp-content\/uploads\/2024\/08\/Tutkimus_tutuksi_general2024.png\" \/>\n\t<meta property=\"og:image:width\" content=\"1200\" \/>\n\t<meta property=\"og:image:height\" content=\"675\" \/>\n\t<meta property=\"og:image:type\" content=\"image\/png\" \/>\n<meta name=\"author\" content=\"mbilefutures\" \/>\n<meta name=\"twitter:card\" content=\"summary_large_image\" \/>\n<meta name=\"twitter:creator\" content=\"@MobileFuturesFI\" \/>\n<meta name=\"twitter:site\" content=\"@MobileFuturesFI\" \/>\n<meta name=\"twitter:label1\" content=\"Skriven av\" \/>\n\t<meta name=\"twitter:data1\" content=\"mbilefutures\" \/>\n\t<meta name=\"twitter:label2\" content=\"Ber\u00e4knad l\u00e4stid\" \/>\n\t<meta name=\"twitter:data2\" content=\"3 minuter\" \/>\n<script type=\"application\/ld+json\" class=\"yoast-schema-graph\">{\"@context\":\"https:\\\/\\\/schema.org\",\"@graph\":[{\"@type\":\"Article\",\"@id\":\"https:\\\/\\\/mobilefutures.fi\\\/events\\\/tutkimus-tutuksi-tietoiskuissa-esitellaan-maahanmuuttoon-ja-kotoutumiseen-liittyvaa-tutkimusta\\\/#article\",\"isPartOf\":{\"@id\":\"https:\\\/\\\/mobilefutures.fi\\\/events\\\/tutkimus-tutuksi-tietoiskuissa-esitellaan-maahanmuuttoon-ja-kotoutumiseen-liittyvaa-tutkimusta\\\/\"},\"author\":{\"name\":\"mbilefutures\",\"@id\":\"https:\\\/\\\/mobilefutures.fi\\\/#\\\/schema\\\/person\\\/24ce1a93b81664772102c36fe51ff958\"},\"headline\":\"Tutkimus tutuksi -tietoiskuissa esitell\u00e4\u00e4n maahanmuuttoon ja kotoutumiseen liittyv\u00e4\u00e4&nbsp;tutkimusta\",\"datePublished\":\"2024-08-07T07:50:43+00:00\",\"dateModified\":\"2025-09-17T11:18:25+00:00\",\"mainEntityOfPage\":{\"@id\":\"https:\\\/\\\/mobilefutures.fi\\\/events\\\/tutkimus-tutuksi-tietoiskuissa-esitellaan-maahanmuuttoon-ja-kotoutumiseen-liittyvaa-tutkimusta\\\/\"},\"wordCount\":622,\"publisher\":{\"@id\":\"https:\\\/\\\/mobilefutures.fi\\\/#organization\"},\"image\":{\"@id\":\"https:\\\/\\\/mobilefutures.fi\\\/events\\\/tutkimus-tutuksi-tietoiskuissa-esitellaan-maahanmuuttoon-ja-kotoutumiseen-liittyvaa-tutkimusta\\\/#primaryimage\"},\"thumbnailUrl\":\"https:\\\/\\\/i0.wp.com\\\/mobilefutures.fi\\\/wp-content\\\/uploads\\\/2024\\\/08\\\/Tutkimus_tutuksi_general2024.png?fit=1200%2C675&ssl=1\",\"keywords\":[\"kotoutuminen\",\"maahanmuutto\",\"tutkimus tutuksi\"],\"articleSection\":[\"Events\"],\"inLanguage\":\"sv-SE\"},{\"@type\":\"WebPage\",\"@id\":\"https:\\\/\\\/mobilefutures.fi\\\/events\\\/tutkimus-tutuksi-tietoiskuissa-esitellaan-maahanmuuttoon-ja-kotoutumiseen-liittyvaa-tutkimusta\\\/\",\"url\":\"https:\\\/\\\/mobilefutures.fi\\\/events\\\/tutkimus-tutuksi-tietoiskuissa-esitellaan-maahanmuuttoon-ja-kotoutumiseen-liittyvaa-tutkimusta\\\/\",\"name\":\"Tutkimus tutuksi -tietoiskuissa esitell\u00e4\u00e4n maahanmuuttoon ja kotoutumiseen liittyv\u00e4\u00e4 tutkimusta &#8211; Events Mobile Futures\",\"isPartOf\":{\"@id\":\"https:\\\/\\\/mobilefutures.fi\\\/#website\"},\"primaryImageOfPage\":{\"@id\":\"https:\\\/\\\/mobilefutures.fi\\\/events\\\/tutkimus-tutuksi-tietoiskuissa-esitellaan-maahanmuuttoon-ja-kotoutumiseen-liittyvaa-tutkimusta\\\/#primaryimage\"},\"image\":{\"@id\":\"https:\\\/\\\/mobilefutures.fi\\\/events\\\/tutkimus-tutuksi-tietoiskuissa-esitellaan-maahanmuuttoon-ja-kotoutumiseen-liittyvaa-tutkimusta\\\/#primaryimage\"},\"thumbnailUrl\":\"https:\\\/\\\/i0.wp.com\\\/mobilefutures.fi\\\/wp-content\\\/uploads\\\/2024\\\/08\\\/Tutkimus_tutuksi_general2024.png?fit=1200%2C675&ssl=1\",\"datePublished\":\"2024-08-07T07:50:43+00:00\",\"dateModified\":\"2025-09-17T11:18:25+00:00\",\"description\":\"Tutkimus tutuksi -tietoiskuissa esitell\u00e4\u00e4n maahanmuuttoon ja kotoutumiseen liittyv\u00e4\u00e4 tutkimusta - ilmoittaudu mukaan!\",\"breadcrumb\":{\"@id\":\"https:\\\/\\\/mobilefutures.fi\\\/events\\\/tutkimus-tutuksi-tietoiskuissa-esitellaan-maahanmuuttoon-ja-kotoutumiseen-liittyvaa-tutkimusta\\\/#breadcrumb\"},\"inLanguage\":\"sv-SE\",\"potentialAction\":[{\"@type\":\"ReadAction\",\"target\":[\"https:\\\/\\\/mobilefutures.fi\\\/events\\\/tutkimus-tutuksi-tietoiskuissa-esitellaan-maahanmuuttoon-ja-kotoutumiseen-liittyvaa-tutkimusta\\\/\"]}]},{\"@type\":\"ImageObject\",\"inLanguage\":\"sv-SE\",\"@id\":\"https:\\\/\\\/mobilefutures.fi\\\/events\\\/tutkimus-tutuksi-tietoiskuissa-esitellaan-maahanmuuttoon-ja-kotoutumiseen-liittyvaa-tutkimusta\\\/#primaryimage\",\"url\":\"https:\\\/\\\/i0.wp.com\\\/mobilefutures.fi\\\/wp-content\\\/uploads\\\/2024\\\/08\\\/Tutkimus_tutuksi_general2024.png?fit=1200%2C675&ssl=1\",\"contentUrl\":\"https:\\\/\\\/i0.wp.com\\\/mobilefutures.fi\\\/wp-content\\\/uploads\\\/2024\\\/08\\\/Tutkimus_tutuksi_general2024.png?fit=1200%2C675&ssl=1\",\"width\":1200,\"height\":675},{\"@type\":\"BreadcrumbList\",\"@id\":\"https:\\\/\\\/mobilefutures.fi\\\/events\\\/tutkimus-tutuksi-tietoiskuissa-esitellaan-maahanmuuttoon-ja-kotoutumiseen-liittyvaa-tutkimusta\\\/#breadcrumb\",\"itemListElement\":[{\"@type\":\"ListItem\",\"position\":1,\"name\":\"Home\",\"item\":\"https:\\\/\\\/mobilefutures.fi\\\/\"},{\"@type\":\"ListItem\",\"position\":2,\"name\":\"Tutkimus tutuksi -tietoiskuissa esitell\u00e4\u00e4n maahanmuuttoon ja kotoutumiseen liittyv\u00e4\u00e4&nbsp;tutkimusta\"}]},{\"@type\":\"WebSite\",\"@id\":\"https:\\\/\\\/mobilefutures.fi\\\/#website\",\"url\":\"https:\\\/\\\/mobilefutures.fi\\\/\",\"name\":\"Mobile Futures\",\"description\":\"Diversity, Trust and Two-Way Integration\",\"publisher\":{\"@id\":\"https:\\\/\\\/mobilefutures.fi\\\/#organization\"},\"potentialAction\":[{\"@type\":\"SearchAction\",\"target\":{\"@type\":\"EntryPoint\",\"urlTemplate\":\"https:\\\/\\\/mobilefutures.fi\\\/?s={search_term_string}\"},\"query-input\":{\"@type\":\"PropertyValueSpecification\",\"valueRequired\":true,\"valueName\":\"search_term_string\"}}],\"inLanguage\":\"sv-SE\"},{\"@type\":\"Organization\",\"@id\":\"https:\\\/\\\/mobilefutures.fi\\\/#organization\",\"name\":\"Mobile Futures\",\"url\":\"https:\\\/\\\/mobilefutures.fi\\\/\",\"logo\":{\"@type\":\"ImageObject\",\"inLanguage\":\"sv-SE\",\"@id\":\"https:\\\/\\\/mobilefutures.fi\\\/#\\\/schema\\\/logo\\\/image\\\/\",\"url\":\"https:\\\/\\\/i0.wp.com\\\/mobilefutures.fi\\\/wp-content\\\/uploads\\\/2022\\\/02\\\/Logo-black-1.png?fit=4383%2C2000&ssl=1\",\"contentUrl\":\"https:\\\/\\\/i0.wp.com\\\/mobilefutures.fi\\\/wp-content\\\/uploads\\\/2022\\\/02\\\/Logo-black-1.png?fit=4383%2C2000&ssl=1\",\"width\":4383,\"height\":2000,\"caption\":\"Mobile Futures\"},\"image\":{\"@id\":\"https:\\\/\\\/mobilefutures.fi\\\/#\\\/schema\\\/logo\\\/image\\\/\"},\"sameAs\":[\"https:\\\/\\\/www.facebook.com\\\/MobileFuturesFI\",\"https:\\\/\\\/x.com\\\/MobileFuturesFI\"]},{\"@type\":\"Person\",\"@id\":\"https:\\\/\\\/mobilefutures.fi\\\/#\\\/schema\\\/person\\\/24ce1a93b81664772102c36fe51ff958\",\"name\":\"mbilefutures\",\"image\":{\"@type\":\"ImageObject\",\"inLanguage\":\"sv-SE\",\"@id\":\"https:\\\/\\\/secure.gravatar.com\\\/avatar\\\/776a939f94d2888df04ac6b79f0785650f4a4e1bf61fe226509adec0424ed7cd?s=96&d=identicon&r=g\",\"url\":\"https:\\\/\\\/secure.gravatar.com\\\/avatar\\\/776a939f94d2888df04ac6b79f0785650f4a4e1bf61fe226509adec0424ed7cd?s=96&d=identicon&r=g\",\"contentUrl\":\"https:\\\/\\\/secure.gravatar.com\\\/avatar\\\/776a939f94d2888df04ac6b79f0785650f4a4e1bf61fe226509adec0424ed7cd?s=96&d=identicon&r=g\",\"caption\":\"mbilefutures\"},\"sameAs\":[\"http:\\\/\\\/mobilefutures720100823.wordpress.com\"],\"url\":\"https:\\\/\\\/mobilefutures.fi\\\/sv\\\/author\\\/mbilefutures\\\/\"}]}<\/script>\n<!-- \/ Yoast SEO plugin. -->","yoast_head_json":{"title":"Tutkimus tutuksi -tietoiskuissa esitell\u00e4\u00e4n maahanmuuttoon ja kotoutumiseen liittyv\u00e4\u00e4 tutkimusta &#8211; Events Mobile Futures","description":"Tutkimus tutuksi -tietoiskuissa esitell\u00e4\u00e4n maahanmuuttoon ja kotoutumiseen liittyv\u00e4\u00e4 tutkimusta - ilmoittaudu mukaan!","robots":{"index":"index","follow":"follow","max-snippet":"max-snippet:-1","max-image-preview":"max-image-preview:large","max-video-preview":"max-video-preview:-1"},"canonical":"https:\/\/mobilefutures.fi\/sv\/events\/tutkimus-tutuksi-tietoiskuissa-esitellaan-maahanmuuttoon-ja-kotoutumiseen-liittyvaa-tutkimusta\/","og_locale":"sv_SE","og_type":"article","og_title":"Tutkimus tutuksi -tietoiskuissa esitell\u00e4\u00e4n maahanmuuttoon ja kotoutumiseen liittyv\u00e4\u00e4 tutkimusta &#8211; Events Mobile Futures","og_description":"Tutkimus tutuksi -tietoiskuissa esitell\u00e4\u00e4n maahanmuuttoon ja kotoutumiseen liittyv\u00e4\u00e4 tutkimusta - ilmoittaudu mukaan!","og_url":"https:\/\/mobilefutures.fi\/sv\/events\/tutkimus-tutuksi-tietoiskuissa-esitellaan-maahanmuuttoon-ja-kotoutumiseen-liittyvaa-tutkimusta\/","og_site_name":"Mobile Futures","article_publisher":"https:\/\/www.facebook.com\/MobileFuturesFI","article_published_time":"2024-08-07T07:50:43+00:00","article_modified_time":"2025-09-17T11:18:25+00:00","og_image":[{"width":1200,"height":675,"url":"https:\/\/mobilefutures.fi\/wp-content\/uploads\/2024\/08\/Tutkimus_tutuksi_general2024.png","type":"image\/png"}],"author":"mbilefutures","twitter_card":"summary_large_image","twitter_creator":"@MobileFuturesFI","twitter_site":"@MobileFuturesFI","twitter_misc":{"Skriven av":"mbilefutures","Ber\u00e4knad l\u00e4stid":"3 minuter"},"schema":{"@context":"https:\/\/schema.org","@graph":[{"@type":"Article","@id":"https:\/\/mobilefutures.fi\/events\/tutkimus-tutuksi-tietoiskuissa-esitellaan-maahanmuuttoon-ja-kotoutumiseen-liittyvaa-tutkimusta\/#article","isPartOf":{"@id":"https:\/\/mobilefutures.fi\/events\/tutkimus-tutuksi-tietoiskuissa-esitellaan-maahanmuuttoon-ja-kotoutumiseen-liittyvaa-tutkimusta\/"},"author":{"name":"mbilefutures","@id":"https:\/\/mobilefutures.fi\/#\/schema\/person\/24ce1a93b81664772102c36fe51ff958"},"headline":"Tutkimus tutuksi -tietoiskuissa esitell\u00e4\u00e4n maahanmuuttoon ja kotoutumiseen liittyv\u00e4\u00e4&nbsp;tutkimusta","datePublished":"2024-08-07T07:50:43+00:00","dateModified":"2025-09-17T11:18:25+00:00","mainEntityOfPage":{"@id":"https:\/\/mobilefutures.fi\/events\/tutkimus-tutuksi-tietoiskuissa-esitellaan-maahanmuuttoon-ja-kotoutumiseen-liittyvaa-tutkimusta\/"},"wordCount":622,"publisher":{"@id":"https:\/\/mobilefutures.fi\/#organization"},"image":{"@id":"https:\/\/mobilefutures.fi\/events\/tutkimus-tutuksi-tietoiskuissa-esitellaan-maahanmuuttoon-ja-kotoutumiseen-liittyvaa-tutkimusta\/#primaryimage"},"thumbnailUrl":"https:\/\/i0.wp.com\/mobilefutures.fi\/wp-content\/uploads\/2024\/08\/Tutkimus_tutuksi_general2024.png?fit=1200%2C675&ssl=1","keywords":["kotoutuminen","maahanmuutto","tutkimus tutuksi"],"articleSection":["Events"],"inLanguage":"sv-SE"},{"@type":"WebPage","@id":"https:\/\/mobilefutures.fi\/events\/tutkimus-tutuksi-tietoiskuissa-esitellaan-maahanmuuttoon-ja-kotoutumiseen-liittyvaa-tutkimusta\/","url":"https:\/\/mobilefutures.fi\/events\/tutkimus-tutuksi-tietoiskuissa-esitellaan-maahanmuuttoon-ja-kotoutumiseen-liittyvaa-tutkimusta\/","name":"Tutkimus tutuksi -tietoiskuissa esitell\u00e4\u00e4n maahanmuuttoon ja kotoutumiseen liittyv\u00e4\u00e4 tutkimusta &#8211; Events Mobile Futures","isPartOf":{"@id":"https:\/\/mobilefutures.fi\/#website"},"primaryImageOfPage":{"@id":"https:\/\/mobilefutures.fi\/events\/tutkimus-tutuksi-tietoiskuissa-esitellaan-maahanmuuttoon-ja-kotoutumiseen-liittyvaa-tutkimusta\/#primaryimage"},"image":{"@id":"https:\/\/mobilefutures.fi\/events\/tutkimus-tutuksi-tietoiskuissa-esitellaan-maahanmuuttoon-ja-kotoutumiseen-liittyvaa-tutkimusta\/#primaryimage"},"thumbnailUrl":"https:\/\/i0.wp.com\/mobilefutures.fi\/wp-content\/uploads\/2024\/08\/Tutkimus_tutuksi_general2024.png?fit=1200%2C675&ssl=1","datePublished":"2024-08-07T07:50:43+00:00","dateModified":"2025-09-17T11:18:25+00:00","description":"Tutkimus tutuksi -tietoiskuissa esitell\u00e4\u00e4n maahanmuuttoon ja kotoutumiseen liittyv\u00e4\u00e4 tutkimusta - ilmoittaudu mukaan!","breadcrumb":{"@id":"https:\/\/mobilefutures.fi\/events\/tutkimus-tutuksi-tietoiskuissa-esitellaan-maahanmuuttoon-ja-kotoutumiseen-liittyvaa-tutkimusta\/#breadcrumb"},"inLanguage":"sv-SE","potentialAction":[{"@type":"ReadAction","target":["https:\/\/mobilefutures.fi\/events\/tutkimus-tutuksi-tietoiskuissa-esitellaan-maahanmuuttoon-ja-kotoutumiseen-liittyvaa-tutkimusta\/"]}]},{"@type":"ImageObject","inLanguage":"sv-SE","@id":"https:\/\/mobilefutures.fi\/events\/tutkimus-tutuksi-tietoiskuissa-esitellaan-maahanmuuttoon-ja-kotoutumiseen-liittyvaa-tutkimusta\/#primaryimage","url":"https:\/\/i0.wp.com\/mobilefutures.fi\/wp-content\/uploads\/2024\/08\/Tutkimus_tutuksi_general2024.png?fit=1200%2C675&ssl=1","contentUrl":"https:\/\/i0.wp.com\/mobilefutures.fi\/wp-content\/uploads\/2024\/08\/Tutkimus_tutuksi_general2024.png?fit=1200%2C675&ssl=1","width":1200,"height":675},{"@type":"BreadcrumbList","@id":"https:\/\/mobilefutures.fi\/events\/tutkimus-tutuksi-tietoiskuissa-esitellaan-maahanmuuttoon-ja-kotoutumiseen-liittyvaa-tutkimusta\/#breadcrumb","itemListElement":[{"@type":"ListItem","position":1,"name":"Home","item":"https:\/\/mobilefutures.fi\/"},{"@type":"ListItem","position":2,"name":"Tutkimus tutuksi -tietoiskuissa esitell\u00e4\u00e4n maahanmuuttoon ja kotoutumiseen liittyv\u00e4\u00e4&nbsp;tutkimusta"}]},{"@type":"WebSite","@id":"https:\/\/mobilefutures.fi\/#website","url":"https:\/\/mobilefutures.fi\/","name":"Mobile Futures","description":"M\u00e5ngfald, f\u00f6rtroende och tv\u00e5v\u00e4gsintegration","publisher":{"@id":"https:\/\/mobilefutures.fi\/#organization"},"potentialAction":[{"@type":"SearchAction","target":{"@type":"EntryPoint","urlTemplate":"https:\/\/mobilefutures.fi\/?s={search_term_string}"},"query-input":{"@type":"PropertyValueSpecification","valueRequired":true,"valueName":"search_term_string"}}],"inLanguage":"sv-SE"},{"@type":"Organization","@id":"https:\/\/mobilefutures.fi\/#organization","name":"Mobile Futures","url":"https:\/\/mobilefutures.fi\/","logo":{"@type":"ImageObject","inLanguage":"sv-SE","@id":"https:\/\/mobilefutures.fi\/#\/schema\/logo\/image\/","url":"https:\/\/i0.wp.com\/mobilefutures.fi\/wp-content\/uploads\/2022\/02\/Logo-black-1.png?fit=4383%2C2000&ssl=1","contentUrl":"https:\/\/i0.wp.com\/mobilefutures.fi\/wp-content\/uploads\/2022\/02\/Logo-black-1.png?fit=4383%2C2000&ssl=1","width":4383,"height":2000,"caption":"Mobile Futures"},"image":{"@id":"https:\/\/mobilefutures.fi\/#\/schema\/logo\/image\/"},"sameAs":["https:\/\/www.facebook.com\/MobileFuturesFI","https:\/\/x.com\/MobileFuturesFI"]},{"@type":"Person","@id":"https:\/\/mobilefutures.fi\/#\/schema\/person\/24ce1a93b81664772102c36fe51ff958","name":"mbilefutures","image":{"@type":"ImageObject","inLanguage":"sv-SE","@id":"https:\/\/secure.gravatar.com\/avatar\/776a939f94d2888df04ac6b79f0785650f4a4e1bf61fe226509adec0424ed7cd?s=96&d=identicon&r=g","url":"https:\/\/secure.gravatar.com\/avatar\/776a939f94d2888df04ac6b79f0785650f4a4e1bf61fe226509adec0424ed7cd?s=96&d=identicon&r=g","contentUrl":"https:\/\/secure.gravatar.com\/avatar\/776a939f94d2888df04ac6b79f0785650f4a4e1bf61fe226509adec0424ed7cd?s=96&d=identicon&r=g","caption":"mbilefutures"},"sameAs":["http:\/\/mobilefutures720100823.wordpress.com"],"url":"https:\/\/mobilefutures.fi\/sv\/author\/mbilefutures\/"}]}},"jetpack_publicize_connections":[],"jetpack_featured_media_url":"https:\/\/i0.wp.com\/mobilefutures.fi\/wp-content\/uploads\/2024\/08\/Tutkimus_tutuksi_general2024.png?fit=1200%2C675&ssl=1","jetpack_likes_enabled":false,"jetpack_sharing_enabled":true,"jetpack_shortlink":"https:\/\/wp.me\/pdClTx-14n","_links":{"self":[{"href":"https:\/\/mobilefutures.fi\/sv\/wp-json\/wp\/v2\/posts\/4115","targetHints":{"allow":["GET"]}}],"collection":[{"href":"https:\/\/mobilefutures.fi\/sv\/wp-json\/wp\/v2\/posts"}],"about":[{"href":"https:\/\/mobilefutures.fi\/sv\/wp-json\/wp\/v2\/types\/post"}],"author":[{"embeddable":true,"href":"https:\/\/mobilefutures.fi\/sv\/wp-json\/wp\/v2\/users\/215458246"}],"replies":[{"embeddable":true,"href":"https:\/\/mobilefutures.fi\/sv\/wp-json\/wp\/v2\/comments?post=4115"}],"version-history":[{"count":40,"href":"https:\/\/mobilefutures.fi\/sv\/wp-json\/wp\/v2\/posts\/4115\/revisions"}],"predecessor-version":[{"id":5323,"href":"https:\/\/mobilefutures.fi\/sv\/wp-json\/wp\/v2\/posts\/4115\/revisions\/5323"}],"wp:featuredmedia":[{"embeddable":true,"href":"https:\/\/mobilefutures.fi\/sv\/wp-json\/wp\/v2\/media\/4122"}],"wp:attachment":[{"href":"https:\/\/mobilefutures.fi\/sv\/wp-json\/wp\/v2\/media?parent=4115"}],"wp:term":[{"taxonomy":"category","embeddable":true,"href":"https:\/\/mobilefutures.fi\/sv\/wp-json\/wp\/v2\/categories?post=4115"},{"taxonomy":"post_tag","embeddable":true,"href":"https:\/\/mobilefutures.fi\/sv\/wp-json\/wp\/v2\/tags?post=4115"}],"curies":[{"name":"wp","href":"https:\/\/api.w.org\/{rel}","templated":true}]}}